{"id":10905,"date":"2022-07-04T11:02:38","date_gmt":"2022-07-04T09:02:38","guid":{"rendered":"https:\/\/www.sv-gutsmuths-jena.de\/badminton-jena\/?p=10905"},"modified":"2022-07-06T22:08:07","modified_gmt":"2022-07-06T20:08:07","slug":"7-dbv-a-rlt-3-c-rlt-thue","status":"publish","type":"post","link":"https:\/\/www.sv-gutsmuths-jena.de\/badminton-jena\/7-dbv-a-rlt-3-c-rlt-thue\/","title":{"rendered":"7. DBV A-RLT + 3. C-RLT TH\u00dc"},"content":{"rendered":"<div class=\"wpb-content-wrapper\"><div class=\"vc_row wpb_row vc_row-fluid\"><div class=\"wpb_column vc_column_container vc_col-sm-12\"><div class=\"vc_column-inner\"><div class=\"wpb_wrapper\"><div class=\"dt-fancy-separator title-left style-disabled\" style=\"width: 100%;\"><div class=\"dt-fancy-title bg-on\" style=\"color: #f7f7f7;background-color: #1e73be;\"><span class=\"separator-holder separator-left\" style=\"border-color: #1e73be;\"><\/span>4. Juli 2022<span class=\"separator-holder separator-right\" style=\"border-color: #1e73be;\"><\/span><\/div><\/div><div class=\"vc_empty_space\"   style=\"height: 20px\"><span class=\"vc_empty_space_inner\"><\/span><\/div><div class=\"dt-fancy-separator h1-size style-disabled\" style=\"width: 100%;\"><div class=\"dt-fancy-title bg-on\" style=\"color: #dd9933;background-color: rgba(0,0,0,0.23);\"><span class=\"separator-holder separator-left\" style=\"border-color: rgba(0,0,0,0.23);\"><\/span>7. DBV A-RLT U11\/U13 in Hofheim<span class=\"separator-holder separator-right\" style=\"border-color: rgba(0,0,0,0.23);\"><\/span><\/div><\/div><div class=\"vc_empty_space\"   style=\"height: 20px\"><span class=\"vc_empty_space_inner\"><\/span><\/div>\n\t<div class=\"wpb_text_column wpb_content_element \" >\n\t\t<div class=\"wpb_wrapper\">\n\t\t\t<p style=\"text-align: justify;\">Zwei Silbermedaillen bei der letzten A-RL U11 und U13 vor den Sommerferien &#8211; das ist die starke Bilanz unserer Starter beim Turnier in Hofheim. Unsere beiden U11er Leo Weidhaase und Hannes Kliemann konnten bei ihrem zweiten Turnier auf dieser Ebene gleich den zweiten Platz erk\u00e4mpfen. Eine starke Leitung der zwei Jungs, die auch im Einzel zeigten, was sie schon gelernt haben.<\/p>\n<p style=\"text-align: justify;\">Die zweite Silbermedaille erspielten sich Jule Meinhardt und Jette Berge im M\u00e4dchen-Doppel U13. In Erinnerung bleiben wird dabei das Halbfinale gegen Charlotte und Theresa Wendt. Im vierten Satz beim Stand von 2:2 brachen die Berlinerinnen das Spiel ab, da sie bei einer Uneinigkeit nicht mit der Entscheidung des Referees einverstanden waren, den Ballwechsel zu wiederholen. Selbst wenn der strittige Ball im Aus gewesen ist, ist ein Spielabbruch beim Stand von 2:2 aus meiner Sicht in keinster Weise nachvollziehbar.<br \/>\nIm Finale war dann nach der ganzen Aufregung nicht mehr viel zu holen.<\/p>\n<p style=\"text-align: justify;\">Zwei 5 Pl\u00e4tze von Jule im Einzel und gemeinsam mit Leonard Fuchs (Gittersee) im Mixed rundeten das gute Ergebnis ab. Till Besser startete dieses Mal in der Altersklasse U13, um wichtige Erfahrungen mit dem h\u00f6heren Tempo bei den \u201eGro\u00dfen\u201c zu sammeln.<\/p>\n<p style=\"text-align: justify;\">Erw\u00e4hnenswert ist auch der 5-Satz-Sieg von Charlotte Jury und Saskia Dietel im M\u00e4dchen-Doppel U11, auch wenn das f\u00fcr ein Weiterkommen aus der Gruppe noch nicht reichte.<\/p>\n<p style=\"text-align: justify;\">Auch Linus Linz, Max M\u00fcller und Dina Strumpf zeigten starke Leistungen und konnten ihre gewachsene Spielerfahrung unter Beweis stellen. Bei den n\u00e4chsten Turnieren werden dann sicher noch ein paar mehr Siege zu verzeichnen sein. Jetzt hei\u00dft es erstmal wieder trainieren und erholen. In der kommenden Woche starten die Badmintonspieler vom DBV Nachwuchsst\u00fctzpunkt Mitteldeutschland nach D\u00e4nemark ins Trainingslager. Nach zwei Jahren Pause freuen sich alle darauf. Anschlie\u00dfend beginnen die Sommerferien, bevor es dann im August mit den n\u00e4chsten Turnieren weitergeht.<\/p>\n<p style=\"text-align: right;\"><em>Mathias Jauk<\/em><\/p>\n\n\t\t<\/div>\n\t<\/div>\n<div class=\"vc_empty_space\"   style=\"height: 20px\"><span class=\"vc_empty_space_inner\"><\/span><\/div><div class=\"cq-medium-gallery\" data-gallerywidth=\"\" data-background=\"\" data-layoutno=\"1343522341234232233\" data-lowreswidth=\"\" data-gutter=\"gutter\" style=\"margin:0 auto;\"><img decoding=\"async\" src=\"https:\/\/www.sv-gutsmuths-jena.de\/badminton-jena\/wp-content\/uploads\/sites\/4\/2022\/07\/Hofheim-2.jpg\" data-highres=\"https:\/\/www.sv-gutsmuths-jena.de\/badminton-jena\/wp-content\/uploads\/sites\/4\/2022\/07\/Hofheim-2.jpg\" class=\"mediumgallery-img \" title=\"\" alt=\"\" \/><img decoding=\"async\" src=\"https:\/\/www.sv-gutsmuths-jena.de\/badminton-jena\/wp-content\/uploads\/sites\/4\/2022\/07\/Hofheim-1.jpg\" data-highres=\"https:\/\/www.sv-gutsmuths-jena.de\/badminton-jena\/wp-content\/uploads\/sites\/4\/2022\/07\/Hofheim-1.jpg\" class=\"mediumgallery-img \" title=\"\" alt=\"\" \/><img decoding=\"async\" src=\"https:\/\/www.sv-gutsmuths-jena.de\/badminton-jena\/wp-content\/uploads\/sites\/4\/2022\/07\/Hofheim-3.jpg\" data-highres=\"https:\/\/www.sv-gutsmuths-jena.de\/badminton-jena\/wp-content\/uploads\/sites\/4\/2022\/07\/Hofheim-3.jpg\" class=\"mediumgallery-img \" title=\"\" alt=\"\" \/><img decoding=\"async\" src=\"https:\/\/www.sv-gutsmuths-jena.de\/badminton-jena\/wp-content\/uploads\/sites\/4\/2022\/07\/Hofheim-4.jpg\" data-highres=\"https:\/\/www.sv-gutsmuths-jena.de\/badminton-jena\/wp-content\/uploads\/sites\/4\/2022\/07\/Hofheim-4.jpg\" class=\"mediumgallery-img \" title=\"\" alt=\"\" \/><\/div><div class=\"vc_empty_space\"   style=\"height: 20px\"><span class=\"vc_empty_space_inner\"><\/span><\/div><\/div><\/div><\/div><\/div><div class=\"vc_row wpb_row vc_row-fluid\"><div class=\"wpb_column vc_column_container vc_col-sm-8\"><div class=\"vc_column-inner\"><div class=\"wpb_wrapper\"><div  class=\"vc_do_toggle vc_toggle vc_toggle_rounded vc_toggle_color_sky vc_toggle_color_inverted vc_toggle_size_md\"><div class=\"vc_toggle_title\"><h4>Ergebnisse<\/h4><i class=\"vc_toggle_icon\"><\/i><\/div><div class=\"vc_toggle_content\"><p>2. JD U11 Hannes Kliemann\/Leo Weidhaase<br \/>\n2. MD U13 Jule Meinhardt\/Jette Berge<br \/>\n5. ME U13 Jule Meinhardt<br \/>\n5. MD U11 Saskia Dietel\/Charlotte Jury<br \/>\n5. Mix U13 Jule Meinhardt\/Leonard Fuchs<br \/>\n9. ME U11 Saskia Dietel<br \/>\n9. JE U11 Hannes Kliemann<br \/>\n9. JD U13 Linus Linz\/Maximilian M\u00fcller<\/p>\n<\/div><\/div><\/div><\/div><\/div><div class=\"wpb_column vc_column_container vc_col-sm-4\"><div class=\"vc_column-inner\"><div class=\"wpb_wrapper\"><span id=\"creative-link-wrap-5977\" class=\" ult_main_cl  \" >\n\t \t\t\t<span  class=\"ult_cl_link_10  ult_crlink\" id=\"\">\n\t\t\t\t\t<a  data-ultimate-target='#creative-link-wrap-5977 .ult_colorlink'  data-responsive-json-new='{\"font-size\":\"\",\"line-height\":\"\"}'  href=\"https:\/\/dbv.turnier.de\/sport\/events.aspx?id=91f897a6-d3b5-4546-bd49-41dba10e5e3e\" title=\"zu Turniere . de\" target=\"_blank\" rel=\"noopener\"  class=\"ult_colorlink  ult-responsive \"  style=\"float:right;font-weight:normal; \"  data-textcolor=\"#ffffff\" data-texthover=\"#1e73be\"data-style=\"Style_10\">\n\t\t\t\t\t\t<span   class=\"ult_btn10_span   vc_custom_1656925179942\" style=\"background:#1e73be;border-top:1px solid #dd9933;\" data-color=\"#dd9933\"  data-bhover=\"#ffffff\" data-bstyle=\"solid\">\n\t\t\t\t\t\t\t<span class=\"ult_link_btm  ult_btn10_link_top\" style=\"background:#ffffff;\">\n\t\t\t\t\t\t\t\t<span style=\"color:#ffffff;;color:#1e73be\" class=\"style10-span\">Alle Ergebnisse<\/span>\n\t\t\t\t\t\t\t<\/span>\n\t\t\t\t\t\t\t<span style=\"color:#ffffff;;\">Alle Ergebnisse<\/span>\n\t\t\t\t\t\t<\/span>\n\n\t\t\t\t\t<\/a>\n\t\t\t\t<\/span>\n\t\t\t<\/span><\/div><\/div><\/div><\/div><div class=\"vc_row wpb_row vc_row-fluid\"><div class=\"wpb_column vc_column_container vc_col-sm-12\"><div class=\"vc_column-inner\"><div class=\"wpb_wrapper\"><div class=\"vc_separator wpb_content_element vc_separator_align_center vc_sep_width_100 vc_sep_pos_align_center vc_separator_no_text vc_sep_color_sky wpb_content_element  wpb_content_element\" ><span class=\"vc_sep_holder vc_sep_holder_l\"><span class=\"vc_sep_line\"><\/span><\/span><span class=\"vc_sep_holder vc_sep_holder_r\"><span class=\"vc_sep_line\"><\/span><\/span>\n<\/div><div class=\"vc_empty_space\"   style=\"height: 20px\"><span class=\"vc_empty_space_inner\"><\/span><\/div><div class=\"dt-fancy-separator h1-size style-disabled\" style=\"width: 100%;\"><div class=\"dt-fancy-title bg-on\" style=\"color: #dd9933;background-color: rgba(0,0,0,0.23);\"><span class=\"separator-holder separator-left\" style=\"border-color: rgba(0,0,0,0.23);\"><\/span>3. C-RLT TH\u00dc U15\/U19 in Weimar<span class=\"separator-holder separator-right\" style=\"border-color: rgba(0,0,0,0.23);\"><\/span><\/div><\/div><\/div><\/div><\/div><\/div><div class=\"vc_row wpb_row vc_row-fluid\"><div class=\"wpb_column vc_column_container vc_col-sm-8\"><div class=\"vc_column-inner\"><div class=\"wpb_wrapper\"><div  class=\"vc_do_toggle vc_toggle vc_toggle_rounded vc_toggle_color_sky vc_toggle_color_inverted vc_toggle_size_md\"><div class=\"vc_toggle_title\"><h4>Ergebnisse<\/h4><i class=\"vc_toggle_icon\"><\/i><\/div><div class=\"vc_toggle_content\"><p>2. ME U15 Emma Peisker<br \/>\n2. JD U15 Sinha Kushagr\/Simon Kurth (1. Erfurter BV)<br \/>\n5. JE U15 Sinha Kushagr<br \/>\n9. JD U19 Emanuel Zitzmann Santos\/Konrad Tempel<br \/>\n9. JD U19 Emil Beier\/Theo Lasch<br \/>\n13. JE U19 Emil Beier<br \/>\n15. JE U19 Theo Lasch<br \/>\n17. JE U19 Emanuel Zitzmann Santos<br \/>\n19. JE U19 Konrad Tempel<\/p>\n<\/div><\/div><\/div><\/div><\/div><div class=\"wpb_column vc_column_container vc_col-sm-4\"><div class=\"vc_column-inner\"><div class=\"wpb_wrapper\"><span id=\"creative-link-wrap-8919\" class=\" ult_main_cl  \" >\n\t \t\t\t<span  class=\"ult_cl_link_10  ult_crlink\" id=\"\">\n\t\t\t\t\t<a  data-ultimate-target='#creative-link-wrap-8919 .ult_colorlink'  data-responsive-json-new='{\"font-size\":\"\",\"line-height\":\"\"}'  href=\"https:\/\/dbv.turnier.de\/sport\/events.aspx?id=aed44c7b-ff76-456b-ba21-d047106b519a\" title=\"zu Turniere . de\" target=\"_blank\" rel=\"noopener\"  class=\"ult_colorlink  ult-responsive \"  style=\"float:right;font-weight:normal; \"  data-textcolor=\"#ffffff\" data-texthover=\"#1e73be\"data-style=\"Style_10\">\n\t\t\t\t\t\t<span   class=\"ult_btn10_span   vc_custom_1656925302141\" style=\"background:#1e73be;border-top:1px solid #dd9933;\" data-color=\"#dd9933\"  data-bhover=\"#ffffff\" data-bstyle=\"solid\">\n\t\t\t\t\t\t\t<span class=\"ult_link_btm  ult_btn10_link_top\" style=\"background:#ffffff;\">\n\t\t\t\t\t\t\t\t<span style=\"color:#ffffff;;color:#1e73be\" class=\"style10-span\">Alle Ergebnisse<\/span>\n\t\t\t\t\t\t\t<\/span>\n\t\t\t\t\t\t\t<span style=\"color:#ffffff;;\">Alle Ergebnisse<\/span>\n\t\t\t\t\t\t<\/span>\n\n\t\t\t\t\t<\/a>\n\t\t\t\t<\/span>\n\t\t\t<\/span><\/div><\/div><\/div><\/div>\n<\/div>","protected":false},"excerpt":{"rendered":"<p>4. Juli 20227. DBV A-RLT U11\/U13 in Hofheim Zwei Silbermedaillen bei der letzten A-RL U11 und U13 vor den Sommerferien &#8211; das ist die starke Bilanz unserer Starter beim Turnier in Hofheim. Unsere beiden U11er Leo Weidhaase und Hannes Kliemann konnten bei ihrem zweiten Turnier auf dieser Ebene gleich den zweiten Platz erk\u00e4mpfen. Eine starke&hellip;<\/p>\n","protected":false},"author":1,"featured_media":0,"comment_status":"closed","ping_status":"closed","sticky":false,"template":"","format":"standard","meta":{"footnotes":""},"categories":[108,115],"tags":[],"class_list":{"0":"post-10905","1":"post","2":"type-post","3":"status-publish","4":"format-standard","5":"hentry","6":"category-108","7":"category-juli-2022","9":"category-115","10":"description-off"},"_links":{"self":[{"href":"https:\/\/www.sv-gutsmuths-jena.de\/badminton-jena\/wp-json\/wp\/v2\/posts\/10905","targetHints":{"allow":["GET"]}}],"collection":[{"href":"https:\/\/www.sv-gutsmuths-jena.de\/badminton-jena\/wp-json\/wp\/v2\/posts"}],"about":[{"href":"https:\/\/www.sv-gutsmuths-jena.de\/badminton-jena\/wp-json\/wp\/v2\/types\/post"}],"author":[{"embeddable":true,"href":"https:\/\/www.sv-gutsmuths-jena.de\/badminton-jena\/wp-json\/wp\/v2\/users\/1"}],"replies":[{"embeddable":true,"href":"https:\/\/www.sv-gutsmuths-jena.de\/badminton-jena\/wp-json\/wp\/v2\/comments?post=10905"}],"version-history":[{"count":6,"href":"https:\/\/www.sv-gutsmuths-jena.de\/badminton-jena\/wp-json\/wp\/v2\/posts\/10905\/revisions"}],"predecessor-version":[{"id":10919,"href":"https:\/\/www.sv-gutsmuths-jena.de\/badminton-jena\/wp-json\/wp\/v2\/posts\/10905\/revisions\/10919"}],"wp:attachment":[{"href":"https:\/\/www.sv-gutsmuths-jena.de\/badminton-jena\/wp-json\/wp\/v2\/media?parent=10905"}],"wp:term":[{"taxonomy":"category","embeddable":true,"href":"https:\/\/www.sv-gutsmuths-jena.de\/badminton-jena\/wp-json\/wp\/v2\/categories?post=10905"},{"taxonomy":"post_tag","embeddable":true,"href":"https:\/\/www.sv-gutsmuths-jena.de\/badminton-jena\/wp-json\/wp\/v2\/tags?post=10905"}],"curies":[{"name":"wp","href":"https:\/\/api.w.org\/{rel}","templated":true}]}}