{"id":1102,"date":"2016-02-06T00:36:39","date_gmt":"2016-02-05T23:36:39","guid":{"rendered":"http:\/\/www.sv-gutsmuths-jena.de\/badminton-jena\/?p=1102"},"modified":"2016-02-07T09:12:57","modified_gmt":"2016-02-07T08:12:57","slug":"bezirksmeisterschaft-u9","status":"publish","type":"post","link":"https:\/\/www.sv-gutsmuths-jena.de\/badminton-jena\/bezirksmeisterschaft-u9\/","title":{"rendered":"Bezirksmeisterschaft U9"},"content":{"rendered":"<div class=\"wpb-content-wrapper\"><div class=\"vc_row wpb_row vc_row-fluid\"><div class=\"wpb_column vc_column_container vc_col-sm-12\"><div class=\"vc_column-inner\"><div class=\"wpb_wrapper\"><div class=\"dt-fancy-separator title-left text-big accent-title-color\" style=\"width: 100%;\"><div class=\"dt-fancy-title\"><span class=\"separator-holder separator-left\"><\/span>6. Februar 2016<span class=\"separator-holder separator-right\"><\/span><\/div><\/div><div class=\"vc_empty_space\"   style=\"height: 20px\"><span class=\"vc_empty_space_inner\"><\/span><\/div><blockquote class=\"text-big swing animate-element shortcode-blockquote\"><p style=\"text-align: center;\"><strong>Je 2 Titel f\u00fcr Clara und Benno<\/strong><\/p>\n<\/blockquote><div class=\"vc_empty_space\"   style=\"height: 20px\"><span class=\"vc_empty_space_inner\"><\/span><\/div>\n\t<div class=\"wpb_text_column wpb_content_element \" >\n\t\t<div class=\"wpb_wrapper\">\n\t\t\t<div style=\"text-align: justify;\">Die in der Th\u00fcringer Rangliste U9 an zwei bzw. drei gef\u00fchrten Benno und Clara gewinnen nicht ganz unerwartet in beiden Disziplinen. Aber auch alle anderen gaben ihr Bestes und k\u00e4mpften um jeden Punkt. Jule (erst 5 Jahre alt!) brachte mit ihren guten Aufschl\u00e4gen die Gegnerinnen immer wieder in Bedr\u00e4ngnis und konnte sogar einen Sieg feiern. Bei den U9\u2019ern wird als zweite Disziplin ein Athletikwettbewerb (Seilspringen) ausgetragen.<\/div>\n\n\t\t<\/div>\n\t<\/div>\n<div class=\"vc_empty_space\"   style=\"height: 20px\"><span class=\"vc_empty_space_inner\"><\/span><\/div>\n<div class=\"vc_grid-container-wrapper vc_clearfix vc_grid-animation-zoomIn\">\n\t<div class=\"vc_grid-container vc_clearfix wpb_content_element vc_masonry_media_grid\" data-initial-loading-animation=\"zoomIn\" data-vc-grid-settings=\"{&quot;page_id&quot;:1102,&quot;style&quot;:&quot;all-masonry&quot;,&quot;action&quot;:&quot;vc_get_vc_grid_data&quot;,&quot;shortcode_id&quot;:&quot;1454801526550-5e154641-dcd4-10&quot;,&quot;tag&quot;:&quot;vc_masonry_media_grid&quot;}\" data-vc-request=\"https:\/\/www.sv-gutsmuths-jena.de\/badminton-jena\/wp-admin\/admin-ajax.php\" data-vc-post-id=\"1102\" data-vc-public-nonce=\"b52c740cef\">\n\t\t\n\t<\/div>\n<\/div><div class=\"vc_empty_space\"   style=\"height: 20px\"><span class=\"vc_empty_space_inner\"><\/span><\/div><div class=\"hr-thin style-line accent-border-color\" style=\"width: 100%;border-top-width: 1px;\"><\/div><div class=\"vc_empty_space\"   style=\"height: 20px\"><span class=\"vc_empty_space_inner\"><\/span><\/div><div id=\"1454801294142-c6bb5200-0867\" class=\"vc_do_toggle vc_toggle vc_toggle_round vc_toggle_color_sky vc_toggle_color_inverted vc_toggle_size_lg\"><div class=\"vc_toggle_title\"><h4>Ergebnisse<\/h4><i class=\"vc_toggle_icon\"><\/i><\/div><div class=\"vc_toggle_content\"><p><strong>M\u00e4dcheneinzel:<\/strong><br \/>\n1. Clara Gr\u00fcndel\u00a0\u00a0\u00a0\u00a0\u00a0\u00a0 \u00a0 \u00a0\u00a0 SV GutsMuths Jena<br \/>\n2. Jolina Kunath\u00a0\u00a0\u00a0\u00a0\u00a0\u00a0\u00a0 \u00a0 \u00a0 SV GutsMuths Jena<br \/>\n3. Lilja M\u00fcller\u00a0\u00a0\u00a0\u00a0\u00a0\u00a0\u00a0\u00a0\u00a0\u00a0 \u00a0\u00a0 \u00a0 TSV Magdala<br \/>\n4. Jule Meinhardt\u00a0\u00a0\u00a0\u00a0\u00a0\u00a0 \u00a0 \u00a0 SV GutsMuths Jena<\/p>\n<p><strong>Jungeneinzel:<\/strong><br \/>\n1. Benno O\u00dfwald\u00a0\u00a0\u00a0\u00a0\u00a0\u00a0 \u00a0 \u00a0 SV GutsMuths Jena<br \/>\n2. Jakob Fr\u00f6hlich\u00a0\u00a0\u00a0\u00a0\u00a0\u00a0\u00a0\u00a0\u00a0 OTG 1902 Gera<br \/>\n3. Moritz Jauk\u00a0\u00a0\u00a0\u00a0\u00a0\u00a0\u00a0\u00a0\u00a0\u00a0\u00a0\u00a0 \u00a0\u00a0 SV GutsMuths Jena<br \/>\n5. Nils Gerstenberger\u00a0 \u00a0\u00a0 SV GutsMuths Jena<\/p>\n<p><strong>Athletik M\u00e4dchen:<\/strong><br \/>\n1. Clara Gr\u00fcndel\u00a0\u00a0\u00a0\u00a0\u00a0\u00a0\u00a0\u00a0 \u00a0\u00a0 SV GutsMuths Jena<br \/>\n2. Jolina Kunath\u00a0\u00a0\u00a0\u00a0\u00a0\u00a0\u00a0\u00a0\u00a0\u00a0\u00a0 SV GutsMuths Jena<br \/>\n3. Lilja M\u00fcller\u00a0\u00a0\u00a0\u00a0\u00a0\u00a0\u00a0\u00a0\u00a0\u00a0\u00a0 \u00a0 \u00a0 TSV Magdala<br \/>\n4. Jule Meinhardt\u00a0\u00a0\u00a0\u00a0\u00a0\u00a0\u00a0 \u00a0\u00a0 SV GutsMuths Jena<\/p>\n<p><strong>Athletik Jungen:<\/strong><br \/>\n1. Benno O\u00dfwald\u00a0\u00a0\u00a0\u00a0\u00a0\u00a0 \u00a0 \u00a0 SV GutsMuths Jena<br \/>\n2. Moritz Jauk\u00a0\u00a0\u00a0\u00a0\u00a0\u00a0\u00a0\u00a0\u00a0 \u00a0 \u00a0\u00a0\u00a0 SV GutsMuths Jena<br \/>\n2. Jakob Fr\u00f6hlich\u00a0\u00a0\u00a0\u00a0\u00a0\u00a0\u00a0\u00a0\u00a0 OTG 1902 Gera<br \/>\n4. Nils Gerstenberger\u00a0\u00a0\u00a0 SV GutsMuths Jena<\/p>\n<\/div><\/div><\/div><\/div><\/div><\/div>\n<\/div>","protected":false},"excerpt":{"rendered":"<p>6. Februar 2016Je 2 Titel f\u00fcr Clara und Benno Die in der Th\u00fcringer Rangliste U9 an zwei bzw. drei gef\u00fchrten Benno und Clara gewinnen nicht ganz unerwartet in beiden Disziplinen. Aber auch alle anderen gaben ihr Bestes und k\u00e4mpften um jeden Punkt. Jule (erst 5 Jahre alt!) brachte mit ihren guten Aufschl\u00e4gen die Gegnerinnen immer&hellip;<\/p>\n","protected":false},"author":1,"featured_media":0,"comment_status":"closed","ping_status":"open","sticky":false,"template":"","format":"standard","meta":{"footnotes":""},"categories":[21,14],"tags":[],"class_list":["post-1102","post","type-post","status-publish","format-standard","hentry","category-februar-2016","category-termine-2016","category-21","category-14","description-off"],"_links":{"self":[{"href":"https:\/\/www.sv-gutsmuths-jena.de\/badminton-jena\/wp-json\/wp\/v2\/posts\/1102","targetHints":{"allow":["GET"]}}],"collection":[{"href":"https:\/\/www.sv-gutsmuths-jena.de\/badminton-jena\/wp-json\/wp\/v2\/posts"}],"about":[{"href":"https:\/\/www.sv-gutsmuths-jena.de\/badminton-jena\/wp-json\/wp\/v2\/types\/post"}],"author":[{"embeddable":true,"href":"https:\/\/www.sv-gutsmuths-jena.de\/badminton-jena\/wp-json\/wp\/v2\/users\/1"}],"replies":[{"embeddable":true,"href":"https:\/\/www.sv-gutsmuths-jena.de\/badminton-jena\/wp-json\/wp\/v2\/comments?post=1102"}],"version-history":[{"count":0,"href":"https:\/\/www.sv-gutsmuths-jena.de\/badminton-jena\/wp-json\/wp\/v2\/posts\/1102\/revisions"}],"wp:attachment":[{"href":"https:\/\/www.sv-gutsmuths-jena.de\/badminton-jena\/wp-json\/wp\/v2\/media?parent=1102"}],"wp:term":[{"taxonomy":"category","embeddable":true,"href":"https:\/\/www.sv-gutsmuths-jena.de\/badminton-jena\/wp-json\/wp\/v2\/categories?post=1102"},{"taxonomy":"post_tag","embeddable":true,"href":"https:\/\/www.sv-gutsmuths-jena.de\/badminton-jena\/wp-json\/wp\/v2\/tags?post=1102"}],"curies":[{"name":"wp","href":"https:\/\/api.w.org\/{rel}","templated":true}]}}