{"id":13333,"date":"2023-11-19T20:17:30","date_gmt":"2023-11-19T19:17:30","guid":{"rendered":"https:\/\/www.sv-gutsmuths-jena.de\/badminton-jena\/?p=13333"},"modified":"2023-11-19T20:17:30","modified_gmt":"2023-11-19T19:17:30","slug":"ergebnisse-vom-wochenende-19","status":"publish","type":"post","link":"https:\/\/www.sv-gutsmuths-jena.de\/badminton-jena\/ergebnisse-vom-wochenende-19\/","title":{"rendered":"Ergebnisse vom Wochenende"},"content":{"rendered":"<div class=\"wpb-content-wrapper\"><div class=\"vc_row wpb_row vc_row-fluid\"><div class=\"wpb_column vc_column_container vc_col-sm-12\"><div class=\"vc_column-inner\"><div class=\"wpb_wrapper\"><div class=\"dt-fancy-separator title-left style-disabled\" style=\"width: 100%;\"><div class=\"dt-fancy-title bg-on\" style=\"color: #ffffff;background-color: #1e73be;\"><span class=\"separator-holder separator-left\" style=\"border-color: #1e73be;\"><\/span>19. November 2023<span class=\"separator-holder separator-right\" style=\"border-color: #1e73be;\"><\/span><\/div><\/div><div class=\"vc_empty_space\"   style=\"height: 20px\"><span class=\"vc_empty_space_inner\"><\/span><\/div><\/div><\/div><\/div><\/div><div class=\"vc_row wpb_row vc_row-fluid\"><div class=\"wpb_column vc_column_container vc_col-sm-9\"><div class=\"vc_column-inner\"><div class=\"wpb_wrapper\"><div  class=\"vc_do_toggle vc_toggle vc_toggle_default vc_toggle_color_sky  vc_toggle_size_md vc_toggle_active\"><div class=\"vc_toggle_title\"><h4>4. DBV-RLT O19 in Mellensee<\/h4><i class=\"vc_toggle_icon\"><\/i><\/div><div class=\"vc_toggle_content\"><p>1. HD Lennart Notni\/Julian Voigt<br \/>\n5. HE Lennart Notni<br \/>\n9. HE Florian Otto<br \/>\n9. DE Kristin B\u00f6hme<br \/>\n9. Mix Julian Voigt\/Pheline Kr\u00fcger<br \/>\n9. DD Charlotte Mund\/Hannah Berge (SSW Hamburg)<br \/>\n9. DD Pheline Kr\u00fcger\/Isabel Kleban (1. BV M\u00fclheim)<br \/>\n17. DE Nicole Bartsch<br \/>\n17. HE Florian Wohlgemuth<br \/>\n17. HE Paul-Werner Dingethal<br \/>\n17. DD Nicole Bartsch\/Kristin B\u00f6hme<br \/>\n17. HD Paul-Werner Dingethal\/Florian Wohlgemuth<br \/>\n17. HD Florian Otto\/Julian Strack (1. BV M\u00fclheim)<br \/>\n17. Mix Lennart Notni\/Charlotte Mund<br \/>\n17. Mix Florian Otto\/Kristin B\u00f6hme<\/p>\n<\/div><\/div><\/div><\/div><\/div><div class=\"wpb_column vc_column_container vc_col-sm-3\"><div class=\"vc_column-inner\"><div class=\"wpb_wrapper\"><span id=\"creative-link-wrap-7665\" class=\" ult_main_cl  \" >\n\t \t\t\t<span  class=\"ult_cl_link_10  ult_crlink\" id=\"\">\n\t\t\t\t\t<a  data-ultimate-target='#creative-link-wrap-7665 .ult_colorlink'  data-responsive-json-new='{\"font-size\":\"\",\"line-height\":\"\"}'  href=\"https:\/\/dbv.turnier.de\/sport\/events.aspx?id=e9c32d54-7f26-4f75-b27d-f46cd6f04057\" title=\"zum DBV\" target=\"_blank\" rel=\"noopener\"  class=\"ult_colorlink  ult-responsive \"  style=\"font-weight:normal; \"  data-textcolor=\"#ffffff\" data-texthover=\"#1e73be\"data-style=\"Style_10\">\n\t\t\t\t\t\t<span   class=\"ult_btn10_span   vc_custom_1700421323438\" style=\"background:#1e73be;border-top:1px solid #333333;\" data-color=\"#333333\"  data-bhover=\"#f9f9f9\" data-bstyle=\"solid\">\n\t\t\t\t\t\t\t<span class=\"ult_link_btm  ult_btn10_link_top\" style=\"background:#f9f9f9;\">\n\t\t\t\t\t\t\t\t<span style=\"color:#ffffff;;color:#1e73be\" class=\"style10-span\">zum DBV<\/span>\n\t\t\t\t\t\t\t<\/span>\n\t\t\t\t\t\t\t<span style=\"color:#ffffff;;\">zum DBV<\/span>\n\t\t\t\t\t\t<\/span>\n\n\t\t\t\t\t<\/a>\n\t\t\t\t<\/span>\n\t\t\t<\/span><\/div><\/div><\/div><\/div><div class=\"vc_row wpb_row vc_row-fluid\"><div class=\"wpb_column vc_column_container vc_col-sm-9\"><div class=\"vc_column-inner\"><div class=\"wpb_wrapper\"><div  class=\"vc_do_toggle vc_toggle vc_toggle_default vc_toggle_color_sky  vc_toggle_size_md vc_toggle_active\"><div class=\"vc_toggle_title\"><h4>4. C-RLT TH\u00dc U15\/U19 in Gera<\/h4><i class=\"vc_toggle_icon\"><\/i><\/div><div class=\"vc_toggle_content\"><p>1. JE U15 Hannes Kliemann<br \/>\n1. JE U19 Moritz Kunow<br \/>\n3. JE U15 Leopold Weidhaase<br \/>\n3. JE U19 Florian Belke<br \/>\n6. JE U15 Quentin Schenzel<br \/>\n7. ME U19 Amalia Leib<br \/>\n7. Mix U15 Jakob Flemming\/Carolin Sch\u00fc\u00dfler (SV BW Niederro\u00dfla 1892)<br \/>\n7. Mix U19 Theo Lasch\/Amalia Leib<br \/>\n9. JE U19 Theo Lasch<br \/>\n17. JE U15 Jakob Flemming<br \/>\n19. JE U19 Aaron Sworowski<br \/>\n21. JE U19 Emil Beier<\/p>\n<\/div><\/div><\/div><\/div><\/div><div class=\"wpb_column vc_column_container vc_col-sm-3\"><div class=\"vc_column-inner\"><div class=\"wpb_wrapper\"><span id=\"creative-link-wrap-4525\" class=\" ult_main_cl  \" >\n\t \t\t\t<span  class=\"ult_cl_link_10  ult_crlink\" id=\"\">\n\t\t\t\t\t<a  data-ultimate-target='#creative-link-wrap-4525 .ult_colorlink'  data-responsive-json-new='{\"font-size\":\"\",\"line-height\":\"\"}'  href=\"https:\/\/dbv.turnier.de\/sport\/events.aspx?id=abcb3165-1767-4092-b875-ea1f9a694fd0\" title=\"zum DBV\" target=\"_blank\" rel=\"noopener\"  class=\"ult_colorlink  ult-responsive \"  style=\"font-weight:normal; \"  data-textcolor=\"#ffffff\" data-texthover=\"#1e73be\"data-style=\"Style_10\">\n\t\t\t\t\t\t<span   class=\"ult_btn10_span   vc_custom_1700421412350\" style=\"background:#1e73be;border-top:1px solid #333333;\" data-color=\"#333333\"  data-bhover=\"#f9f9f9\" data-bstyle=\"solid\">\n\t\t\t\t\t\t\t<span class=\"ult_link_btm  ult_btn10_link_top\" style=\"background:#f9f9f9;\">\n\t\t\t\t\t\t\t\t<span style=\"color:#ffffff;;color:#1e73be\" class=\"style10-span\">zum DBV<\/span>\n\t\t\t\t\t\t\t<\/span>\n\t\t\t\t\t\t\t<span style=\"color:#ffffff;;\">zum DBV<\/span>\n\t\t\t\t\t\t<\/span>\n\n\t\t\t\t\t<\/a>\n\t\t\t\t<\/span>\n\t\t\t<\/span><\/div><\/div><\/div><\/div>\n<\/div>","protected":false},"excerpt":{"rendered":"<p>19. November 20234. DBV-RLT O19 in Mellensee1. HD Lennart Notni\/Julian Voigt 5. HE Lennart Notni 9. HE Florian Otto 9. DE Kristin B\u00f6hme 9. Mix Julian Voigt\/Pheline Kr\u00fcger 9. DD Charlotte Mund\/Hannah Berge (SSW Hamburg) 9. DD Pheline Kr\u00fcger\/Isabel Kleban (1. BV M\u00fclheim) 17. DE Nicole Bartsch 17. HE Florian Wohlgemuth 17. HE Paul-Werner Dingethal&hellip;<\/p>\n","protected":false},"author":1,"featured_media":0,"comment_status":"closed","ping_status":"closed","sticky":false,"template":"","format":"standard","meta":{"footnotes":""},"categories":[125,136],"tags":[],"class_list":{"0":"post-13333","1":"post","2":"type-post","3":"status-publish","4":"format-standard","5":"hentry","6":"category-125","7":"category-november-2023","9":"category-136","10":"description-off"},"_links":{"self":[{"href":"https:\/\/www.sv-gutsmuths-jena.de\/badminton-jena\/wp-json\/wp\/v2\/posts\/13333","targetHints":{"allow":["GET"]}}],"collection":[{"href":"https:\/\/www.sv-gutsmuths-jena.de\/badminton-jena\/wp-json\/wp\/v2\/posts"}],"about":[{"href":"https:\/\/www.sv-gutsmuths-jena.de\/badminton-jena\/wp-json\/wp\/v2\/types\/post"}],"author":[{"embeddable":true,"href":"https:\/\/www.sv-gutsmuths-jena.de\/badminton-jena\/wp-json\/wp\/v2\/users\/1"}],"replies":[{"embeddable":true,"href":"https:\/\/www.sv-gutsmuths-jena.de\/badminton-jena\/wp-json\/wp\/v2\/comments?post=13333"}],"version-history":[{"count":2,"href":"https:\/\/www.sv-gutsmuths-jena.de\/badminton-jena\/wp-json\/wp\/v2\/posts\/13333\/revisions"}],"predecessor-version":[{"id":13335,"href":"https:\/\/www.sv-gutsmuths-jena.de\/badminton-jena\/wp-json\/wp\/v2\/posts\/13333\/revisions\/13335"}],"wp:attachment":[{"href":"https:\/\/www.sv-gutsmuths-jena.de\/badminton-jena\/wp-json\/wp\/v2\/media?parent=13333"}],"wp:term":[{"taxonomy":"category","embeddable":true,"href":"https:\/\/www.sv-gutsmuths-jena.de\/badminton-jena\/wp-json\/wp\/v2\/categories?post=13333"},{"taxonomy":"post_tag","embeddable":true,"href":"https:\/\/www.sv-gutsmuths-jena.de\/badminton-jena\/wp-json\/wp\/v2\/tags?post=13333"}],"curies":[{"name":"wp","href":"https:\/\/api.w.org\/{rel}","templated":true}]}}