{"id":14089,"date":"2024-09-18T10:08:22","date_gmt":"2024-09-18T08:08:22","guid":{"rendered":"https:\/\/www.sv-gutsmuths-jena.de\/badminton-jena\/?p=14089"},"modified":"2024-09-18T10:08:22","modified_gmt":"2024-09-18T08:08:22","slug":"european-u15-championships","status":"publish","type":"post","link":"https:\/\/www.sv-gutsmuths-jena.de\/badminton-jena\/european-u15-championships\/","title":{"rendered":"European U15 Championships"},"content":{"rendered":"<div class=\"wpb-content-wrapper\"><div class=\"vc_row wpb_row vc_row-fluid\"><div class=\"wpb_column vc_column_container vc_col-sm-12\"><div class=\"vc_column-inner\"><div class=\"wpb_wrapper\"><div class=\"dt-fancy-separator title-left style-disabled\" style=\"width: 100%;\"><div class=\"dt-fancy-title bg-on\" style=\"color: #ffffff;background-color: #1e73be;\"><span class=\"separator-holder separator-left\" style=\"border-color: #1e73be;\"><\/span>18. September 2024<span class=\"separator-holder separator-right\" style=\"border-color: #1e73be;\"><\/span><\/div><\/div><div class=\"vc_empty_space\"   style=\"height: 20px\"><span class=\"vc_empty_space_inner\"><\/span><\/div><div class=\"dt-fancy-separator h1-size style-disabled\" style=\"width: 100%;\"><div class=\"dt-fancy-title bg-on\" style=\"color: #dd9933;background-color: rgba(0,0,0,0.36);\"><span class=\"separator-holder separator-left\" style=\"border-color: rgba(0,0,0,0.36);\"><\/span>Eine Europameisterschaft ist und bleibt ein absolutes Highlight<span class=\"separator-holder separator-right\" style=\"border-color: rgba(0,0,0,0.36);\"><\/span><\/div><\/div><div class=\"vc_empty_space\"   style=\"height: 20px\"><span class=\"vc_empty_space_inner\"><\/span><\/div><\/div><\/div><\/div><\/div><div class=\"vc_row wpb_row vc_row-fluid\"><div class=\"wpb_column vc_column_container vc_col-sm-12\"><div class=\"vc_column-inner\"><div class=\"wpb_wrapper\">\n\t<div  class=\"wpb_single_image wpb_content_element vc_align_center\">\n\t\t\n\t\t<figure class=\"wpb_wrapper vc_figure\">\n\t\t\t<div class=\"vc_single_image-wrapper vc_box_rounded  vc_box_border_grey\"><img decoding=\"async\" class=\"vc_single_image-img \" src=\"https:\/\/www.sv-gutsmuths-jena.de\/badminton-jena\/wp-content\/uploads\/sites\/4\/2024\/09\/EM-4.jpg\" width=\"1000\" height=\"589\" alt=\"EM-4\" title=\"EM-4\" loading=\"lazy\"  data-dt-location=\"https:\/\/www.sv-gutsmuths-jena.de\/badminton-jena\/european-u15-championships\/em-4\/\" \/><\/div>\n\t\t<\/figure>\n\t<\/div>\n<div class=\"vc_empty_space\"   style=\"height: 20px\"><span class=\"vc_empty_space_inner\"><\/span><\/div><\/div><\/div><\/div><\/div><div class=\"vc_row wpb_row vc_row-fluid\"><div class=\"wpb_column vc_column_container vc_col-sm-12\"><div class=\"vc_column-inner\"><div class=\"wpb_wrapper\">\n\t<div class=\"wpb_text_column wpb_content_element \" >\n\t\t<div class=\"wpb_wrapper\">\n\t\t\t<p style=\"text-align: justify;\">Es war ja nun mittlerweile meine 2. EM, an der ich als Trainer teilnehmen durfte. Und auch diese war wieder etwas ganz besonderes und nicht mit anderen Turnieren zu vergleichen.<br \/>\nDie EM U15 fand in Suwalki (Polen), kurz vor der Grenze nach Litauen statt. Es waren also insgesamt gut 2200 km zur\u00fcckzulegen. Eine weite Strecke, aber es hat sich gelohnt&#8230;<\/p>\n<p style=\"text-align: justify;\">Unser Team-Deutschland machte sich bereits am Montag mit einem Kleinbus auf den Weg, um nach einer Zwischen\u00fcbernachtung am Dienstag in Suwalki einzutreffen. Hier haben wir unser Haus bezogen und sind dann zur Turnierhalle gefahren, um nach der langen Fahrt eine kurze Trainingseinheit zu absolvieren. Denn am Mittwoch ging es los.<\/p>\n<p style=\"text-align: justify;\">Jule Meinhardt war die erste Spielerin aus unserem Team, die auf das Feld durfte. Nach verst\u00e4ndlicher anf\u00e4nglicher Nervosit\u00e4t konnte sie ihre Gegnerin Inna Alaverdyan aus Armenien klar mit 21:6 und 21:3 bezwingen und in die zweite Runde einziehen. Hier wartete dann ein anderes Kaliber, die d\u00e4nische Nationalspielerin Simone Aoki Pihl. Jule spielte einen richtig guten ersten Satz und hatte den Satzgewinn beim 19:17 auf dem Schl\u00e4ger. Leider klappte es nicht und sie musste sich mit 21:19 geschlagen geben. Etwas entt\u00e4uscht davon startete sie in den zweiten Satz mit vielen einfachen Fehlern und konnte den klaren R\u00fcckstand leider nicht mehr aufholen.<\/p>\n<p style=\"text-align: justify;\">Aber es gab ja noch eine zweite Disziplin: Im Damen-Doppel spielte Jule mit Ailin Zheng, die extra zwei Tage in Jena war, um sich mit Jule auf die EM vorzubereiten. Und das mit Erfolg. Auch hier konnten die beiden das erste Spiel gegen Amelie Hagberg und Meja Jahani aus Schweden in zwei S\u00e4tzen gewinnen und zeigten dabei eine ganz starke Leistung. Im zweiten Spiel warteten bereits die an 2 gesetzten T\u00fcrkinnen Ayten Drums und Berra Tesdemir. Und auch hier machten Jule und Ailin ein tolles Spiel. Nach knapp verlorenem ersten Satz holten sie sich mit 21:19 den zweiten Satz. Im dritten ging es dann immer hin uns her. Am Ende konnten sich die Favoriten aus der T\u00fcrkei aufgrund der etwas geringeren Fehlerquote knapp durchsetzen. Nat\u00fcrlich war die Entt\u00e4uschung gro\u00df, aber ebenso die Leistung der beiden.<\/p>\n<p style=\"text-align: justify;\">Herzlichen Gl\u00fcckwunsch an Jule zu Platz 17 im Einzel und Doppel bei der Europameisterschaft U15.<\/p>\n<p style=\"text-align: justify;\">Aus Deutscher Sicht gab es aber noch ein richtiges Highlight: frenetisch angefeuert vom Team-D konnten sich Jannes Ernst (Berlin) und Lovis Deters (Hessen) nach 3 \u00fcberzeugenden Siegen ins Halbfinale spielen. Dort unterlagen sie den sp\u00e4teren Europameistern Soren Gothsener und Mady Sow und gewannen somit die erste Bronzemedaille im Jungenbereich f\u00fcr Deutschland bei einer EM U15. Auch hier einen ganz herzlichen Gl\u00fcckwunsch.<\/p>\n<p style=\"text-align: justify;\">Damit endete meine zweite EM mit einer Medaille f\u00fcr unser Team, die wir beim letzten Mal noch knapp verpasst haben. Ich bin gespannt, was in den n\u00e4chsten Jahren folgt, denn wir haben auch in Zukunft wieder einige Kandidaten, die f\u00fcr eine EM U15 und U17 nominiert werden k\u00f6nnten. Gebt richtig Gas im Training. Ich kann nur nochmal sagen, dass die Teilnahme an einer EM wirklich was ganz besonderes ist, f\u00fcr das es sich lohnt, viel zu investieren. Und vielleicht habe ja auch ich dann die Chance, meine 3. Europameisterschaft zu erleben, ich w\u00fcrde mich freuen&#8230;<br \/>\n<em>Mathias Jauk<\/em><\/p>\n\n\t\t<\/div>\n\t<\/div>\n<\/div><\/div><\/div><\/div><div class=\"vc_row wpb_row vc_row-fluid\"><div class=\"wpb_column vc_column_container vc_col-sm-12\"><div class=\"vc_column-inner\"><div class=\"wpb_wrapper\"><div id=\"ts-vcsc-image-gallery-7500007\" class=\"ts-image-gallery-wrapper ts-kraut-lightbox-frame   \" data-style=\"grid\" data-break-parents=\"6\" data-inline=\"false\" style=\"margin-top: 0px; margin-bottom: 0px; position: relative;\"><div id=\"ts-vcsc-image-gallery-7500007-grid\" class=\"ts-lightbox-gallery-grid\"><a style=\"width: 20%; height: 100%; display: inline-block; margin: 0; padding: 0;; display: none;\" id=\"krautgroup7500007-0\" href=\"https:\/\/www.sv-gutsmuths-jena.de\/badminton-jena\/wp-content\/uploads\/sites\/4\/2024\/09\/EM-10.jpg\" target=\"_blank\" data-preview=\"https:\/\/www.sv-gutsmuths-jena.de\/badminton-jena\/wp-content\/uploads\/sites\/4\/2024\/09\/EM-10-225x300.jpg\" data-thumbnail=\"https:\/\/www.sv-gutsmuths-jena.de\/badminton-jena\/wp-content\/uploads\/sites\/4\/2024\/09\/EM-10-225x300.jpg\" data-include=\"true\" data-hover=\"\" data-alt=\"\" data-title=\"\" data-groups=\"\" class=\"kraut-lightbox-media no-ajaxy ts-hover-image krautgroup7500007 nofancybox\" rel=\"krautgroup7500007\" data-effect=\"fade\" data-nohashes=\"true\" data-usecors=\"global\" data-save=\"0\" data-share=\"0\" data-no-lazy=\"1\">#1<\/a><a style=\"width: 20%; height: 100%; display: inline-block; margin: 0; padding: 0;; display: none;\" id=\"krautgroup7500007-1\" href=\"https:\/\/www.sv-gutsmuths-jena.de\/badminton-jena\/wp-content\/uploads\/sites\/4\/2024\/09\/EM-9.jpg\" target=\"_blank\" data-preview=\"https:\/\/www.sv-gutsmuths-jena.de\/badminton-jena\/wp-content\/uploads\/sites\/4\/2024\/09\/EM-9-225x300.jpg\" data-thumbnail=\"https:\/\/www.sv-gutsmuths-jena.de\/badminton-jena\/wp-content\/uploads\/sites\/4\/2024\/09\/EM-9-225x300.jpg\" data-include=\"true\" data-hover=\"\" data-alt=\"\" data-title=\"\" data-groups=\"\" class=\"kraut-lightbox-media no-ajaxy ts-hover-image krautgroup7500007 nofancybox\" rel=\"krautgroup7500007\" data-effect=\"fade\" data-nohashes=\"true\" data-usecors=\"global\" data-save=\"0\" data-share=\"0\" data-no-lazy=\"1\">#2<\/a><a style=\"width: 20%; height: 100%; display: inline-block; margin: 0; padding: 0;; display: none;\" id=\"krautgroup7500007-2\" href=\"https:\/\/www.sv-gutsmuths-jena.de\/badminton-jena\/wp-content\/uploads\/sites\/4\/2024\/09\/EM-8.jpg\" target=\"_blank\" data-preview=\"https:\/\/www.sv-gutsmuths-jena.de\/badminton-jena\/wp-content\/uploads\/sites\/4\/2024\/09\/EM-8-300x225.jpg\" data-thumbnail=\"https:\/\/www.sv-gutsmuths-jena.de\/badminton-jena\/wp-content\/uploads\/sites\/4\/2024\/09\/EM-8-300x225.jpg\" data-include=\"true\" data-hover=\"\" data-alt=\"\" data-title=\"\" data-groups=\"\" class=\"kraut-lightbox-media no-ajaxy ts-hover-image krautgroup7500007 nofancybox\" rel=\"krautgroup7500007\" data-effect=\"fade\" data-nohashes=\"true\" data-usecors=\"global\" data-save=\"0\" data-share=\"0\" data-no-lazy=\"1\">#3<\/a><a style=\"width: 20%; height: 100%; display: inline-block; margin: 0; padding: 0;; display: none;\" id=\"krautgroup7500007-3\" href=\"https:\/\/www.sv-gutsmuths-jena.de\/badminton-jena\/wp-content\/uploads\/sites\/4\/2024\/09\/EM-7.jpg\" target=\"_blank\" data-preview=\"https:\/\/www.sv-gutsmuths-jena.de\/badminton-jena\/wp-content\/uploads\/sites\/4\/2024\/09\/EM-7-300x225.jpg\" data-thumbnail=\"https:\/\/www.sv-gutsmuths-jena.de\/badminton-jena\/wp-content\/uploads\/sites\/4\/2024\/09\/EM-7-300x225.jpg\" data-include=\"true\" data-hover=\"\" data-alt=\"\" data-title=\"\" data-groups=\"\" class=\"kraut-lightbox-media no-ajaxy ts-hover-image krautgroup7500007 nofancybox\" rel=\"krautgroup7500007\" data-effect=\"fade\" data-nohashes=\"true\" data-usecors=\"global\" data-save=\"0\" data-share=\"0\" data-no-lazy=\"1\">#4<\/a><a style=\"width: 20%; height: 100%; display: inline-block; margin: 0; padding: 0;; display: none;\" id=\"krautgroup7500007-4\" href=\"https:\/\/www.sv-gutsmuths-jena.de\/badminton-jena\/wp-content\/uploads\/sites\/4\/2024\/09\/EM-6.jpg\" target=\"_blank\" data-preview=\"https:\/\/www.sv-gutsmuths-jena.de\/badminton-jena\/wp-content\/uploads\/sites\/4\/2024\/09\/EM-6-300x225.jpg\" data-thumbnail=\"https:\/\/www.sv-gutsmuths-jena.de\/badminton-jena\/wp-content\/uploads\/sites\/4\/2024\/09\/EM-6-300x225.jpg\" data-include=\"true\" data-hover=\"\" data-alt=\"\" data-title=\"\" data-groups=\"\" class=\"kraut-lightbox-media no-ajaxy ts-hover-image krautgroup7500007 nofancybox\" rel=\"krautgroup7500007\" data-effect=\"fade\" data-nohashes=\"true\" data-usecors=\"global\" data-save=\"0\" data-share=\"0\" data-no-lazy=\"1\">#5<\/a><a style=\"width: 20%; height: 100%; display: inline-block; margin: 0; padding: 0;; display: none;\" id=\"krautgroup7500007-5\" href=\"https:\/\/www.sv-gutsmuths-jena.de\/badminton-jena\/wp-content\/uploads\/sites\/4\/2024\/09\/EM-5.jpg\" target=\"_blank\" data-preview=\"https:\/\/www.sv-gutsmuths-jena.de\/badminton-jena\/wp-content\/uploads\/sites\/4\/2024\/09\/EM-5-300x225.jpg\" data-thumbnail=\"https:\/\/www.sv-gutsmuths-jena.de\/badminton-jena\/wp-content\/uploads\/sites\/4\/2024\/09\/EM-5-300x225.jpg\" data-include=\"true\" data-hover=\"\" data-alt=\"\" data-title=\"\" data-groups=\"\" class=\"kraut-lightbox-media no-ajaxy ts-hover-image krautgroup7500007 nofancybox\" rel=\"krautgroup7500007\" data-effect=\"fade\" data-nohashes=\"true\" data-usecors=\"global\" data-save=\"0\" data-share=\"0\" data-no-lazy=\"1\">#6<\/a><a style=\"width: 20%; height: 100%; display: inline-block; margin: 0; padding: 0;; display: none;\" id=\"krautgroup7500007-6\" href=\"https:\/\/www.sv-gutsmuths-jena.de\/badminton-jena\/wp-content\/uploads\/sites\/4\/2024\/09\/EM-3.jpg\" target=\"_blank\" data-preview=\"https:\/\/www.sv-gutsmuths-jena.de\/badminton-jena\/wp-content\/uploads\/sites\/4\/2024\/09\/EM-3-300x169.jpg\" data-thumbnail=\"https:\/\/www.sv-gutsmuths-jena.de\/badminton-jena\/wp-content\/uploads\/sites\/4\/2024\/09\/EM-3-300x169.jpg\" data-include=\"true\" data-hover=\"\" data-alt=\"\" data-title=\"\" data-groups=\"\" class=\"kraut-lightbox-media no-ajaxy ts-hover-image krautgroup7500007 nofancybox\" rel=\"krautgroup7500007\" data-effect=\"fade\" data-nohashes=\"true\" data-usecors=\"global\" data-save=\"0\" data-share=\"0\" data-no-lazy=\"1\">#7<\/a><a style=\"width: 20%; height: 100%; display: inline-block; margin: 0; padding: 0;; display: none;\" id=\"krautgroup7500007-7\" href=\"https:\/\/www.sv-gutsmuths-jena.de\/badminton-jena\/wp-content\/uploads\/sites\/4\/2024\/09\/EM-2.jpg\" target=\"_blank\" data-preview=\"https:\/\/www.sv-gutsmuths-jena.de\/badminton-jena\/wp-content\/uploads\/sites\/4\/2024\/09\/EM-2-225x300.jpg\" data-thumbnail=\"https:\/\/www.sv-gutsmuths-jena.de\/badminton-jena\/wp-content\/uploads\/sites\/4\/2024\/09\/EM-2-225x300.jpg\" data-include=\"true\" data-hover=\"\" data-alt=\"\" data-title=\"\" data-groups=\"\" class=\"kraut-lightbox-media no-ajaxy ts-hover-image krautgroup7500007 nofancybox\" rel=\"krautgroup7500007\" data-effect=\"fade\" data-nohashes=\"true\" data-usecors=\"global\" data-save=\"0\" data-share=\"0\" data-no-lazy=\"1\">#8<\/a><a style=\"width: 20%; height: 100%; display: inline-block; margin: 0; padding: 0;; display: none;\" id=\"krautgroup7500007-8\" href=\"https:\/\/www.sv-gutsmuths-jena.de\/badminton-jena\/wp-content\/uploads\/sites\/4\/2024\/09\/EM-1.jpg\" target=\"_blank\" data-preview=\"https:\/\/www.sv-gutsmuths-jena.de\/badminton-jena\/wp-content\/uploads\/sites\/4\/2024\/09\/EM-1-225x300.jpg\" data-thumbnail=\"https:\/\/www.sv-gutsmuths-jena.de\/badminton-jena\/wp-content\/uploads\/sites\/4\/2024\/09\/EM-1-225x300.jpg\" data-random=\"7500007\" data-include=\"true\" data-hover=\"\" data-alt=\"\" data-title=\"\" data-groups=\"\" class=\"kraut-lightbox-media no-ajaxy ts-hover-image krautgroup7500007 nofancybox\" rel=\"krautgroup7500007\" data-effect=\"fade\" data-usecors=\"global\" data-save=\"0\" data-share=\"0\" data-play=\"1\" data-autoplay=\"0\" data-duration=\"5000\" data-thumbsize=\"100\" data-thumbs=\"bottom\"  data-nohashes=\"true\" data-captions=\"true\" data-grid=\"240,480,720,960\" data-gridpreloader=\"false\" data-gridspace=\"2\" data-gridorder=\"false\" data-gridfilter=\"true\" data-gridavailable=\"Available Groups\" data-gridselected=\"Filtered Groups\" data-gridnogroups=\"No Groups\" data-gridtoggle=\"Toggle Filter\" data-gridtogglestyle=\"ts-color-button-belize-hole-flat\" data-gridshowall=\"Show All\" data-gridshowallstyle=\"ts-color-button-green-sea-flat\" data-no-lazy=\"1\">#9<\/a><\/div><\/div><div class=\"vc_empty_space\"   style=\"height: 20px\"><span class=\"vc_empty_space_inner\"><\/span><\/div><\/div><\/div><\/div><\/div><div class=\"vc_row wpb_row vc_row-fluid\"><div class=\"wpb_column vc_column_container vc_col-sm-4\"><div class=\"vc_column-inner\"><div class=\"wpb_wrapper\"><span id=\"creative-link-wrap-9043\" class=\" ult_main_cl  \" >\n\t \t\t\t<span  class=\"ult_cl_link_10  ult_crlink\" id=\"\">\n\t\t\t\t\t<a  data-ultimate-target='#creative-link-wrap-9043 .ult_colorlink'  data-responsive-json-new='{\"font-size\":\"\",\"line-height\":\"\"}'  href=\"https:\/\/www.badminton.de\/news\/badminton\/u15-em-bronzemedaille-fuer-ernst-deters\/\" title=\"DBV\" target=\"_blank\" rel=\"noopener\"  class=\"ult_colorlink  ult-responsive \"  style=\"font-weight:normal; \"  data-textcolor=\"#ffffff\" data-texthover=\"#1e73be\"data-style=\"Style_10\">\n\t\t\t\t\t\t<span   class=\"ult_btn10_span   vc_custom_1726646677156\" style=\"background:#1e73be;border-top:1px solid #333333;\" data-color=\"#333333\"  data-bhover=\"#ffffff\" data-bstyle=\"solid\">\n\t\t\t\t\t\t\t<span class=\"ult_link_btm  ult_btn10_link_top\" style=\"background:#ffffff;\">\n\t\t\t\t\t\t\t\t<span style=\"color:#ffffff;;color:#1e73be\" class=\"style10-span\">Zum DBV Bericht<\/span>\n\t\t\t\t\t\t\t<\/span>\n\t\t\t\t\t\t\t<span style=\"color:#ffffff;;\">Zum DBV Bericht<\/span>\n\t\t\t\t\t\t<\/span>\n\n\t\t\t\t\t<\/a>\n\t\t\t\t<\/span>\n\t\t\t<\/span><\/div><\/div><\/div><div class=\"wpb_column vc_column_container vc_col-sm-4\"><div class=\"vc_column-inner\"><div class=\"wpb_wrapper\"><span id=\"creative-link-wrap-8366\" class=\" ult_main_cl  \" >\n\t \t\t\t<span  class=\"ult_cl_link_10  ult_crlink\" id=\"\">\n\t\t\t\t\t<a  data-ultimate-target='#creative-link-wrap-8366 .ult_colorlink'  data-responsive-json-new='{\"font-size\":\"\",\"line-height\":\"\"}'  href=\"https:\/\/www.tournamentsoftware.com\/tournament\/E765D24A-BE95-47D3-9B64-F2E924AE8C64\" title=\"Ergebnisse\" target=\"_blank\" rel=\"noopener\"  class=\"ult_colorlink  ult-responsive \"  style=\"font-weight:normal; \"  data-textcolor=\"#ffffff\" data-texthover=\"#1e73be\"data-style=\"Style_10\">\n\t\t\t\t\t\t<span   class=\"ult_btn10_span   vc_custom_1726646658485\" style=\"background:#1e73be;border-top:1px solid #333333;\" data-color=\"#333333\"  data-bhover=\"#ffffff\" data-bstyle=\"solid\">\n\t\t\t\t\t\t\t<span class=\"ult_link_btm  ult_btn10_link_top\" style=\"background:#ffffff;\">\n\t\t\t\t\t\t\t\t<span style=\"color:#ffffff;;color:#1e73be\" class=\"style10-span\">Ergebnisse der EM<\/span>\n\t\t\t\t\t\t\t<\/span>\n\t\t\t\t\t\t\t<span style=\"color:#ffffff;;\">Ergebnisse der EM<\/span>\n\t\t\t\t\t\t<\/span>\n\n\t\t\t\t\t<\/a>\n\t\t\t\t<\/span>\n\t\t\t<\/span><\/div><\/div><\/div><div class=\"wpb_column vc_column_container vc_col-sm-4\"><div class=\"vc_column-inner\"><div class=\"wpb_wrapper\"><span id=\"creative-link-wrap-9584\" class=\" ult_main_cl  \" >\n\t \t\t\t<span  class=\"ult_cl_link_10  ult_crlink\" id=\"\">\n\t\t\t\t\t<a  data-ultimate-target='#creative-link-wrap-9584 .ult_colorlink'  data-responsive-json-new='{\"font-size\":\"\",\"line-height\":\"\"}'  href=\"https:\/\/www.badmintoneurope.tv\/en-int\/page\/2024-european-u15-championships\" title=\"Spiele\" target=\"_blank\" rel=\"noopener\"  class=\"ult_colorlink  ult-responsive \"  style=\"font-weight:normal; \"  data-textcolor=\"#ffffff\" data-texthover=\"#1e73be\"data-style=\"Style_10\">\n\t\t\t\t\t\t<span   class=\"ult_btn10_span   vc_custom_1726646762891\" style=\"background:#1e73be;border-top:1px solid #333333;\" data-color=\"#333333\"  data-bhover=\"#ffffff\" data-bstyle=\"solid\">\n\t\t\t\t\t\t\t<span class=\"ult_link_btm  ult_btn10_link_top\" style=\"background:#ffffff;\">\n\t\t\t\t\t\t\t\t<span style=\"color:#ffffff;;color:#1e73be\" class=\"style10-span\">Spiele zum Nachschauen<\/span>\n\t\t\t\t\t\t\t<\/span>\n\t\t\t\t\t\t\t<span style=\"color:#ffffff;;\">Spiele zum Nachschauen<\/span>\n\t\t\t\t\t\t<\/span>\n\n\t\t\t\t\t<\/a>\n\t\t\t\t<\/span>\n\t\t\t<\/span><\/div><\/div><\/div><\/div>\n<\/div>","protected":false},"excerpt":{"rendered":"<p>18. September 2024Eine Europameisterschaft ist und bleibt ein absolutes Highlight Es war ja nun mittlerweile meine 2. EM, an der ich als Trainer teilnehmen durfte. Und auch diese war wieder etwas ganz besonderes und nicht mit anderen Turnieren zu vergleichen. Die EM U15 fand in Suwalki (Polen), kurz vor der Grenze nach Litauen statt. Es&hellip;<\/p>\n","protected":false},"author":1,"featured_media":0,"comment_status":"closed","ping_status":"closed","sticky":false,"template":"","format":"standard","meta":{"footnotes":""},"categories":[138,146],"tags":[],"class_list":{"0":"post-14089","1":"post","2":"type-post","3":"status-publish","4":"format-standard","5":"hentry","6":"category-138","7":"category-september-2024","9":"category-146","10":"description-off"},"_links":{"self":[{"href":"https:\/\/www.sv-gutsmuths-jena.de\/badminton-jena\/wp-json\/wp\/v2\/posts\/14089","targetHints":{"allow":["GET"]}}],"collection":[{"href":"https:\/\/www.sv-gutsmuths-jena.de\/badminton-jena\/wp-json\/wp\/v2\/posts"}],"about":[{"href":"https:\/\/www.sv-gutsmuths-jena.de\/badminton-jena\/wp-json\/wp\/v2\/types\/post"}],"author":[{"embeddable":true,"href":"https:\/\/www.sv-gutsmuths-jena.de\/badminton-jena\/wp-json\/wp\/v2\/users\/1"}],"replies":[{"embeddable":true,"href":"https:\/\/www.sv-gutsmuths-jena.de\/badminton-jena\/wp-json\/wp\/v2\/comments?post=14089"}],"version-history":[{"count":2,"href":"https:\/\/www.sv-gutsmuths-jena.de\/badminton-jena\/wp-json\/wp\/v2\/posts\/14089\/revisions"}],"predecessor-version":[{"id":14102,"href":"https:\/\/www.sv-gutsmuths-jena.de\/badminton-jena\/wp-json\/wp\/v2\/posts\/14089\/revisions\/14102"}],"wp:attachment":[{"href":"https:\/\/www.sv-gutsmuths-jena.de\/badminton-jena\/wp-json\/wp\/v2\/media?parent=14089"}],"wp:term":[{"taxonomy":"category","embeddable":true,"href":"https:\/\/www.sv-gutsmuths-jena.de\/badminton-jena\/wp-json\/wp\/v2\/categories?post=14089"},{"taxonomy":"post_tag","embeddable":true,"href":"https:\/\/www.sv-gutsmuths-jena.de\/badminton-jena\/wp-json\/wp\/v2\/tags?post=14089"}],"curies":[{"name":"wp","href":"https:\/\/api.w.org\/{rel}","templated":true}]}}