{"id":14105,"date":"2024-09-23T14:00:50","date_gmt":"2024-09-23T12:00:50","guid":{"rendered":"https:\/\/www.sv-gutsmuths-jena.de\/badminton-jena\/?p=14105"},"modified":"2024-09-23T14:00:50","modified_gmt":"2024-09-23T12:00:50","slug":"ps-wochenende-bericht-3","status":"publish","type":"post","link":"https:\/\/www.sv-gutsmuths-jena.de\/badminton-jena\/ps-wochenende-bericht-3\/","title":{"rendered":"PS Wochenende Bericht"},"content":{"rendered":"<div class=\"wpb-content-wrapper\"><div class=\"vc_row wpb_row vc_row-fluid\"><div class=\"wpb_column vc_column_container vc_col-sm-12\"><div class=\"vc_column-inner\"><div class=\"wpb_wrapper\"><div class=\"dt-fancy-separator title-left style-disabled\" style=\"width: 100%;\"><div class=\"dt-fancy-title\" style=\"color: #ffffff;\"><span class=\"separator-holder separator-left\" style=\"border-color: #1e73be;\"><\/span>23. September 2024<span class=\"separator-holder separator-right\" style=\"border-color: #1e73be;\"><\/span><\/div><\/div><div class=\"vc_empty_space\"   style=\"height: 20px\"><span class=\"vc_empty_space_inner\"><\/span><\/div><div class=\"dt-fancy-separator h1-size style-disabled\" style=\"width: 100%;\"><div class=\"dt-fancy-title\" style=\"color: #dd9933;\"><span class=\"separator-holder separator-left\" style=\"border-color: rgba(0,0,0,0.42);\"><\/span>Das erwartet schwere Wochenende<span class=\"separator-holder separator-right\" style=\"border-color: rgba(0,0,0,0.42);\"><\/span><\/div><\/div><div class=\"vc_empty_space\"   style=\"height: 20px\"><span class=\"vc_empty_space_inner\"><\/span><\/div><\/div><\/div><\/div><\/div><div class=\"vc_row wpb_row vc_row-fluid\"><div class=\"wpb_column vc_column_container vc_col-sm-12\"><div class=\"vc_column-inner\"><div class=\"wpb_wrapper\">\n\t<div class=\"wpb_text_column wpb_content_element \" >\n\t\t<div class=\"wpb_wrapper\">\n\t\t\t<p style=\"text-align: justify;\">Zu Saisonbeginn erwartete den SV GutsMuths Jena mit Spielen beim TV Marktheidenfeld und Vorjahresmeister TV Freystadt ein h\u00f6chst anspruchsvoller Saisonbeginn. Entsprechend ged\u00e4mpft waren die Erwartungen, zumal auch noch Julian Voigt und Marie L\u00fccke pausieren mussten und im Kader fehlten. \u201eDer Ausfall von Julian trifft unsere beiden Herrendoppel hart und schr\u00e4nkt uns auch in der taktischen Flexibilit\u00e4t etwas ein\u201c gibt Johann H\u00f6flitz offen zu.<\/p>\n<p style=\"text-align: justify;\">So konnte leider am gesamten Wochenende nur eines von vier Herrendoppeln gewonnen werden. Bei den Damen konnte das neu formierte Doppel Charlotte Mund und Pheline Kr\u00fcger gegen Marktheidenfeld einen Sieg einfahren und musste sich in Freystadt in vier S\u00e4tzen geschlagen geben. Die weiteren Siege konnte Lennart Notni im ersten Herreneinzel beisteuern, w\u00e4hrend Florian Otto in beiden Spielen teils dramatisch knapp unterlag.<br \/>\nEbenfalls zwei Niederlagen gab es in den Mixed von Florian Wohlgemuth und Charlotte Mund, die aber am Samstag gegen den ehemaligen Olympioniken Michael Fuchs immerhin einen Satz gewinnen konnten und den Dameneinzeln von Pheline Kr\u00fcger, die ebenfalls insbesondere am Samstag eine ansprechende Leistung zeigte. \u201eEs hat sogar ein wenig Spa\u00df gemacht f\u00fcr die Mannschaft Einzel zu spielen\u201c, gab Pheline hinterher zu Protokoll, w\u00e4hrend Flo Wohlgemuth sich gewohnt offen und ehrlich selbstkritisch gab: \u201eIrgendwie hatte ich heute einfach Dreck am Schl\u00e4ger und es hat nichts funktioniert.<\/p>\n\n\t\t<\/div>\n\t<\/div>\n<\/div><\/div><\/div><\/div><div class=\"vc_row wpb_row vc_row-fluid\"><div class=\"wpb_column vc_column_container vc_col-sm-8\"><div class=\"vc_column-inner\"><div class=\"wpb_wrapper\">\n\t<div class=\"wpb_text_column wpb_content_element \" >\n\t\t<div class=\"wpb_wrapper\">\n\t\t\t<p style=\"text-align: justify;\">Ich denke es waren dann insgesamt einfach zu viele Fehler. Das Doppel war besser, aber so eine knappe Niederlage tut nat\u00fcrlich weh.\u201c Besagtes Doppel verlor er mit Johann H\u00f6flitz knapp mit 8:11 im Entscheidungssatz. Letztlich stehen zwei 2:5 Niederlagen und damit null Punkte auf der Habenseite. \u201eDas Ergebnis ist bitter. Wir wollten mindestens ein 3:4 und somit einen Punkt holen und waren dicht dran \u2013 sogar mehr w\u00e4re bei optimalem Spielverlauf auch m\u00f6glich gewesen.<\/p>\n\n\t\t<\/div>\n\t<\/div>\n<\/div><\/div><\/div><div class=\"wpb_column vc_column_container vc_col-sm-4\"><div class=\"vc_column-inner\"><div class=\"wpb_wrapper\">\n\t<div  class=\"wpb_single_image wpb_content_element vc_align_left\">\n\t\t\n\t\t<figure class=\"wpb_wrapper vc_figure\">\n\t\t\t<div class=\"vc_single_image-wrapper   vc_box_border_grey\"><img decoding=\"async\" class=\"vc_single_image-img \" src=\"https:\/\/www.sv-gutsmuths-jena.de\/badminton-jena\/wp-content\/uploads\/sites\/4\/2023\/10\/Freystadt_klein_1.jpg\" width=\"1000\" height=\"563\" alt=\"2. BL Badminton - SV GutsMuths Jena vs. TSV Freystadt\" title=\"2. BL Badminton - SV GutsMuths Jena vs. TSV Freystadt\" loading=\"lazy\"  data-dt-location=\"https:\/\/www.sv-gutsmuths-jena.de\/badminton-jena\/alle-bilder-2-bundesliga-2023-2024\/2-bl-badminton-sv-gutsmuths-jena-vs-tsv-freystadt\/\" \/><\/div>\n\t\t<\/figure>\n\t<\/div>\n<\/div><\/div><\/div><\/div><div class=\"vc_row wpb_row vc_row-fluid\"><div class=\"wpb_column vc_column_container vc_col-sm-12\"><div class=\"vc_column-inner\"><div class=\"wpb_wrapper\">\n\t<div class=\"wpb_text_column wpb_content_element \" >\n\t\t<div class=\"wpb_wrapper\">\n\t\t\t<p style=\"text-align: justify;\">Allerdings ist die Saison noch lang und wir wussten vorher, dass wir nach dem ersten Punktspiel- Wochenende wom\u00f6glich ganz unten stehen w\u00fcrden.\u201c fasst Lennart Notni die Situation zusammen. Auf Platz 11 der Liga \u2013 und somit auf dem vorletzten Tabellenrang und einem Abstiegsplatz \u2013 liegend, gehen die Saalest\u00e4dter nun schon mit ein wenig Erfolgsdruck in die Heimpremieren gegen Neuhausen Nymphenburg und Geretsried am 05.\/06. Oktober.<\/p>\n<p style=\"text-align: right;\"><em>Lennart Notni<\/em><\/p>\n\n\t\t<\/div>\n\t<\/div>\n<\/div><\/div><\/div><\/div>\n<\/div>","protected":false},"excerpt":{"rendered":"<p>23. September 2024Das erwartet schwere Wochenende Zu Saisonbeginn erwartete den SV GutsMuths Jena mit Spielen beim TV Marktheidenfeld und Vorjahresmeister TV Freystadt ein h\u00f6chst anspruchsvoller Saisonbeginn. Entsprechend ged\u00e4mpft waren die Erwartungen, zumal auch noch Julian Voigt und Marie L\u00fccke pausieren mussten und im Kader fehlten. \u201eDer Ausfall von Julian trifft unsere beiden Herrendoppel hart und&hellip;<\/p>\n","protected":false},"author":1,"featured_media":0,"comment_status":"closed","ping_status":"closed","sticky":false,"template":"","format":"standard","meta":{"footnotes":""},"categories":[],"tags":[],"class_list":["post-14105","post","type-post","status-publish","format-standard","hentry","description-off"],"_links":{"self":[{"href":"https:\/\/www.sv-gutsmuths-jena.de\/badminton-jena\/wp-json\/wp\/v2\/posts\/14105","targetHints":{"allow":["GET"]}}],"collection":[{"href":"https:\/\/www.sv-gutsmuths-jena.de\/badminton-jena\/wp-json\/wp\/v2\/posts"}],"about":[{"href":"https:\/\/www.sv-gutsmuths-jena.de\/badminton-jena\/wp-json\/wp\/v2\/types\/post"}],"author":[{"embeddable":true,"href":"https:\/\/www.sv-gutsmuths-jena.de\/badminton-jena\/wp-json\/wp\/v2\/users\/1"}],"replies":[{"embeddable":true,"href":"https:\/\/www.sv-gutsmuths-jena.de\/badminton-jena\/wp-json\/wp\/v2\/comments?post=14105"}],"version-history":[{"count":4,"href":"https:\/\/www.sv-gutsmuths-jena.de\/badminton-jena\/wp-json\/wp\/v2\/posts\/14105\/revisions"}],"predecessor-version":[{"id":14114,"href":"https:\/\/www.sv-gutsmuths-jena.de\/badminton-jena\/wp-json\/wp\/v2\/posts\/14105\/revisions\/14114"}],"wp:attachment":[{"href":"https:\/\/www.sv-gutsmuths-jena.de\/badminton-jena\/wp-json\/wp\/v2\/media?parent=14105"}],"wp:term":[{"taxonomy":"category","embeddable":true,"href":"https:\/\/www.sv-gutsmuths-jena.de\/badminton-jena\/wp-json\/wp\/v2\/categories?post=14105"},{"taxonomy":"post_tag","embeddable":true,"href":"https:\/\/www.sv-gutsmuths-jena.de\/badminton-jena\/wp-json\/wp\/v2\/tags?post=14105"}],"curies":[{"name":"wp","href":"https:\/\/api.w.org\/{rel}","templated":true}]}}