{"id":3033,"date":"2017-04-08T21:48:12","date_gmt":"2017-04-08T19:48:12","guid":{"rendered":"http:\/\/www.sv-gutsmuths-jena.de\/badminton-jena\/?p=3033"},"modified":"2017-04-08T21:49:25","modified_gmt":"2017-04-08T19:49:25","slug":"thueringer-meisterschaften-u9","status":"publish","type":"post","link":"https:\/\/www.sv-gutsmuths-jena.de\/badminton-jena\/thueringer-meisterschaften-u9\/","title":{"rendered":"Th\u00fcringer Meisterschaften U9"},"content":{"rendered":"<div class=\"wpb-content-wrapper\"><div class=\"vc_row wpb_row vc_row-fluid\"><div class=\"wpb_column vc_column_container vc_col-sm-12\"><div class=\"vc_column-inner\"><div class=\"wpb_wrapper\"><div id=\"uvc-type-wrap-3065\"  data-ultimate-target='#uvc-type-wrap-3065'  data-responsive-json-new='{\"font-size\":\"desktop:16px;\",\"line-height\":\"\"}'  class=\"uvc-type-wrap  ult-adjust-bottom-margin ult-responsive  uvc-type-align-left uvc-type-no-prefix uvc-wrap-263845846869f30f0bf1094\" style=\"text-align:left;\"><span id=\"typed-263845846869f30f0bf1094\" class=\"ultimate-typed-main \" style=\"color:#1e73be; font-weight:normal; text-transform: unset;\"><\/span><script type=\"text\/javascript\">\n\t\t\t\t\t\tjQuery(function($){ \n\t\t\t\t\t\t\t$(document).ready(function(){\n\t\t\t\t\t\t\t\tif( typeof jQuery(\"#typed-263845846869f30f0bf1094\").typed == \"function\"){\n\t\t\t\t\t\t\t\t\t$(\"#typed-263845846869f30f0bf1094\").typed({\n\t\t\t\t\t\t\t\t\t\tstrings: [\"8. April 2017\"],\n\t\t\t\t\t\t\t\t\t\ttypeSpeed: 300,\n\t\t\t\t\t\t\t\t\t\tbackSpeed: 0,\n\t\t\t\t\t\t\t\t\t\tstartDelay: \"800\",\n\t\t\t\t\t\t\t\t\t\tbackDelay: \"1500\",\n\t\t\t\t\t\t\t\t\t\tloop: false,\n\t\t\t\t\t\t\t\t\t\tloopCount: false,\n\t\t\t\t\t\t\t\t\t\tshowCursor: true,\n\t\t\t\t\t\t\t\t\t\tcursorChar: \"|\",\n\t\t\t\t\t\t\t\t\t\tattr: null\n\t\t\t\t\t\t\t\t\t});\n\t\t\t\t\t\t\t\t}\n\t\t\t\t\t\t\t});\n\t\t\t\t\t\t});\n\t\t\t\t\t<\/script><\/div><div class=\"vc_empty_space\"   style=\"height: 20px\"><span class=\"vc_empty_space_inner\"><\/span><\/div><div class=\"vc_message_box vc_message_box-solid vc_message_box-rounded vc_color-grey wpb_animate_when_almost_visible wpb_zoomIn zoomIn\" ><div class=\"vc_message_box-icon\"><i class=\"typcn typcn-thumbs-up\"><\/i><\/div><p style=\"text-align: center;\"><span style=\"font-size: 20px;\">Unsere drei Teilnehmer bei diesen Meisterschaften&#8230;<\/span><\/p>\n<\/div><\/div><\/div><\/div><\/div><div class=\"vc_row wpb_row vc_row-fluid\"><div class=\"wpb_column vc_column_container vc_col-sm-12\"><div class=\"vc_column-inner\"><div class=\"wpb_wrapper\">\n\t<div class=\"wpb_text_column wpb_content_element \" >\n\t\t<div class=\"wpb_wrapper\">\n\t\t\t<p style=\"text-align: justify;\">&#8230;zeigten sehr gute Leistungen. Moritz Jauk konnte dabei gleich drei mal auf das Podest steigen. Nachdem er sich im Jungeneinzel noch mit dem 2. Platz begn\u00fcgen musste gewann er souver\u00e4n den Athletikwettbewerb. (Beim Athletikwettbewerb starten M\u00e4dchen und Jungen gemeinsam). Zus\u00e4tzlich konnte er bei der Gesamtwertung des Athletikwettbewerbs \u00fcber die gesamte Saison noch den 2. Platz erringen.<br \/>\nNils Gerstenberger belegte im Jungeneinzel einen guten 3. Platz. Jule Meinhardt, die mit sechs Jahren j\u00fcngste Teilnehmerin des Starterfeldes, schrammte nur knapp an einer Medaille vorbei und verlor ihr Viertelfinale erst im dritten Entscheidungssatz. Daf\u00fcr kann sie sich aber noch zwei Jahre in dieser Altersklasse schadlos halten.<\/p>\n\n\t\t<\/div>\n\t<\/div>\n<div class=\"vc_empty_space\"   style=\"height: 20px\"><span class=\"vc_empty_space_inner\"><\/span><\/div><\/div><\/div><\/div><\/div><div class=\"vc_row wpb_row vc_row-fluid\"><div class=\"wpb_column vc_column_container vc_col-sm-12\"><div class=\"vc_column-inner\"><div class=\"wpb_wrapper\">\n<div class=\"vc_grid-container-wrapper vc_clearfix vc_grid-animation-zoomIn\">\n\t<div class=\"vc_grid-container vc_clearfix wpb_content_element vc_masonry_media_grid\" data-initial-loading-animation=\"zoomIn\" data-vc-grid-settings=\"{&quot;page_id&quot;:3033,&quot;style&quot;:&quot;all-masonry&quot;,&quot;action&quot;:&quot;vc_get_vc_grid_data&quot;,&quot;shortcode_id&quot;:&quot;1491680497494-edddec7d-46f4-5&quot;,&quot;tag&quot;:&quot;vc_masonry_media_grid&quot;}\" data-vc-request=\"https:\/\/www.sv-gutsmuths-jena.de\/badminton-jena\/wp-admin\/admin-ajax.php\" data-vc-post-id=\"3033\" data-vc-public-nonce=\"9a15b2831b\">\n\t\t\n\t<\/div>\n<\/div><\/div><\/div><\/div><\/div><div class=\"vc_row wpb_row vc_row-fluid\"><div class=\"wpb_column vc_column_container vc_col-sm-12\"><div class=\"vc_column-inner\"><div class=\"wpb_wrapper\"><div id=\"1491680674138-2233d51c-bb23\" class=\"vc_do_toggle vc_toggle vc_toggle_round vc_toggle_color_sky vc_toggle_color_inverted vc_toggle_size_md\"><div class=\"vc_toggle_title\"><h4>Ergebnisse<\/h4><i class=\"vc_toggle_icon\"><\/i><\/div><div class=\"vc_toggle_content\"><p><span style=\"font-size: 18px;\">M\u00e4dcheneinzel<\/span><\/p>\n<p>1. Joline Gro\u00dfert, VSG 70 Bad Frankenhausen<br \/>\n2. Sina Otto, SV 1880 Unterp\u00f6rlitz<br \/>\n3. Hannah John, VSG 70 Bad Frankenhausen<br \/>\n3. Nele Lozze, 1. Erfurter BV<br \/>\n5. Jule Meinhardt, SV GutsMuths Jena<\/p>\n<p><span style=\"font-size: 18px;\">Jungeneinzel<\/span><\/p>\n<p>1. Thies Heubach, 1. Ilmenauer BC<br \/>\n2. Moritz Jauk, SV GutsMuths Jena<br \/>\n3. Nils Gerstenberger, SV GutsMuths Jena<br \/>\n3. Tony G\u00fcnsch, 1. Ilmenauer BC<\/p>\n<p><span style=\"font-size: 18px;\">Athletik<\/span><\/p>\n<p>1. Moritz Jauk, SV GutsMuths Jena<br \/>\n2. Sina Otto, SV 1880 Unterp\u00f6rlitz<br \/>\n3. Viktoria Kovalenko, 1. BV Weimar<br \/>\n6. Jule Meinhardt, SV GutsMuths Jena<br \/>\n7. Nils Gerstenberger, SV GutsMuths Jena<\/p>\n<\/div><\/div><\/div><\/div><\/div><\/div>\n<\/div>","protected":false},"excerpt":{"rendered":"<p>Unsere drei Teilnehmer bei diesen Meisterschaften&#8230; &#8230;zeigten sehr gute Leistungen. Moritz Jauk konnte dabei gleich drei mal auf das Podest steigen. Nachdem er sich im Jungeneinzel noch mit dem 2. Platz begn\u00fcgen musste gewann er souver\u00e4n den Athletikwettbewerb. (Beim Athletikwettbewerb starten M\u00e4dchen und Jungen gemeinsam). Zus\u00e4tzlich konnte er bei der Gesamtwertung des Athletikwettbewerbs \u00fcber die&hellip;<\/p>\n","protected":false},"author":1,"featured_media":0,"comment_status":"closed","ping_status":"open","sticky":false,"template":"","format":"standard","meta":{"footnotes":""},"categories":[23,32,36],"tags":[],"class_list":{"0":"post-3033","1":"post","2":"type-post","3":"status-publish","4":"format-standard","5":"hentry","6":"category-23","7":"category-32","8":"category-april-2017","11":"category-36","12":"description-off"},"_links":{"self":[{"href":"https:\/\/www.sv-gutsmuths-jena.de\/badminton-jena\/wp-json\/wp\/v2\/posts\/3033","targetHints":{"allow":["GET"]}}],"collection":[{"href":"https:\/\/www.sv-gutsmuths-jena.de\/badminton-jena\/wp-json\/wp\/v2\/posts"}],"about":[{"href":"https:\/\/www.sv-gutsmuths-jena.de\/badminton-jena\/wp-json\/wp\/v2\/types\/post"}],"author":[{"embeddable":true,"href":"https:\/\/www.sv-gutsmuths-jena.de\/badminton-jena\/wp-json\/wp\/v2\/users\/1"}],"replies":[{"embeddable":true,"href":"https:\/\/www.sv-gutsmuths-jena.de\/badminton-jena\/wp-json\/wp\/v2\/comments?post=3033"}],"version-history":[{"count":0,"href":"https:\/\/www.sv-gutsmuths-jena.de\/badminton-jena\/wp-json\/wp\/v2\/posts\/3033\/revisions"}],"wp:attachment":[{"href":"https:\/\/www.sv-gutsmuths-jena.de\/badminton-jena\/wp-json\/wp\/v2\/media?parent=3033"}],"wp:term":[{"taxonomy":"category","embeddable":true,"href":"https:\/\/www.sv-gutsmuths-jena.de\/badminton-jena\/wp-json\/wp\/v2\/categories?post=3033"},{"taxonomy":"post_tag","embeddable":true,"href":"https:\/\/www.sv-gutsmuths-jena.de\/badminton-jena\/wp-json\/wp\/v2\/tags?post=3033"}],"curies":[{"name":"wp","href":"https:\/\/api.w.org\/{rel}","templated":true}]}}