{"id":3046,"date":"2017-05-01T10:28:20","date_gmt":"2017-05-01T08:28:20","guid":{"rendered":"http:\/\/www.sv-gutsmuths-jena.de\/badminton-jena\/?p=3046"},"modified":"2017-05-01T10:29:12","modified_gmt":"2017-05-01T08:29:12","slug":"1-thueringer-rl-u13u17","status":"publish","type":"post","link":"https:\/\/www.sv-gutsmuths-jena.de\/badminton-jena\/1-thueringer-rl-u13u17\/","title":{"rendered":"1. Th\u00fcringer RL U13\/U17"},"content":{"rendered":"<div class=\"wpb-content-wrapper\"><div class=\"vc_row wpb_row vc_row-fluid\"><div class=\"wpb_column vc_column_container vc_col-sm-12\"><div class=\"vc_column-inner\"><div class=\"wpb_wrapper\"><div id=\"uvc-type-wrap-8572\"  data-ultimate-target='#uvc-type-wrap-8572'  data-responsive-json-new='{\"font-size\":\"desktop:16px;\",\"line-height\":\"\"}'  class=\"uvc-type-wrap  ult-adjust-bottom-margin ult-responsive  uvc-type-align-left uvc-type-no-prefix uvc-wrap-367511387569f31d52aee5b\" style=\"text-align:left;\"><span id=\"typed-367511387569f31d52aee5b\" class=\"ultimate-typed-main \" style=\"color:#1e73be; font-weight:normal; text-transform: unset;\"><\/span><script type=\"text\/javascript\">\n\t\t\t\t\t\tjQuery(function($){ \n\t\t\t\t\t\t\t$(document).ready(function(){\n\t\t\t\t\t\t\t\tif( typeof jQuery(\"#typed-367511387569f31d52aee5b\").typed == \"function\"){\n\t\t\t\t\t\t\t\t\t$(\"#typed-367511387569f31d52aee5b\").typed({\n\t\t\t\t\t\t\t\t\t\tstrings: [\"1. Mai 2017\"],\n\t\t\t\t\t\t\t\t\t\ttypeSpeed: 300,\n\t\t\t\t\t\t\t\t\t\tbackSpeed: 0,\n\t\t\t\t\t\t\t\t\t\tstartDelay: \"800\",\n\t\t\t\t\t\t\t\t\t\tbackDelay: \"1500\",\n\t\t\t\t\t\t\t\t\t\tloop: false,\n\t\t\t\t\t\t\t\t\t\tloopCount: false,\n\t\t\t\t\t\t\t\t\t\tshowCursor: true,\n\t\t\t\t\t\t\t\t\t\tcursorChar: \"|\",\n\t\t\t\t\t\t\t\t\t\tattr: null\n\t\t\t\t\t\t\t\t\t});\n\t\t\t\t\t\t\t\t}\n\t\t\t\t\t\t\t});\n\t\t\t\t\t\t});\n\t\t\t\t\t<\/script><\/div><div class=\"vc_empty_space\"   style=\"height: 20px\"><span class=\"vc_empty_space_inner\"><\/span><\/div><div class=\"vc_message_box vc_message_box-outline vc_message_box-rounded vc_color-success\" ><div class=\"vc_message_box-icon\"><i class=\"fa fa-solid fa-circle-info\"><\/i><\/div><div dir=\"ltr\">\n<div>\n<div>\n<div style=\"text-align: center;\"><span style=\"font-size: 20px;\">Starke Leistung der Jungen U17<\/span><\/div>\n<\/div>\n<\/div>\n<\/div>\n<\/div><div class=\"vc_empty_space\"   style=\"height: 20px\"><span class=\"vc_empty_space_inner\"><\/span><\/div><\/div><\/div><\/div><\/div><div class=\"vc_row wpb_row vc_row-fluid\"><div class=\"wpb_column vc_column_container vc_col-sm-12\"><div class=\"vc_column-inner\"><div class=\"wpb_wrapper\">\n\t<div class=\"wpb_text_column wpb_content_element \" >\n\t\t<div class=\"wpb_wrapper\">\n\t\t\t<p style=\"text-align: justify;\">Bei der ersten Rangliste f\u00fcr die kommende Saison in den AK U13 und U17 gewannen Tamino und Moritz (beide noch AK U15) souver\u00e4n die Doppelkonkurrenz und standen sich auch im Einzelfinale gegen\u00fcber. Davia zeigte im Einzel eine gute k\u00e4mpferische Leistung und insgesamt ansteigende Form. F\u00fcr die anderen M\u00e4dchen (auch noch U15\u2019er) fehlte in U17 noch das Durchsetzungsverm\u00f6gen.<br \/>\nUnsere jungen U13\u2019er (noch ein bzw. zwei Jahre in dieser AK startberechtigt) konnten erneut viel Erfahrung sammeln und auch schon auf das Podest klettern.<\/p>\n\n\t\t<\/div>\n\t<\/div>\n<div class=\"vc_empty_space\"   style=\"height: 20px\"><span class=\"vc_empty_space_inner\"><\/span><\/div><\/div><\/div><\/div><\/div><div class=\"vc_row wpb_row vc_row-fluid\"><div class=\"wpb_column vc_column_container vc_col-sm-12\"><div class=\"vc_column-inner\"><div class=\"wpb_wrapper\">\n<div class=\"vc_grid-container-wrapper vc_clearfix vc_grid-animation-zoomIn\">\n\t<div class=\"vc_grid-container vc_clearfix wpb_content_element vc_masonry_media_grid\" data-initial-loading-animation=\"zoomIn\" data-vc-grid-settings=\"{&quot;page_id&quot;:3046,&quot;style&quot;:&quot;all-masonry&quot;,&quot;action&quot;:&quot;vc_get_vc_grid_data&quot;,&quot;shortcode_id&quot;:&quot;1493625713054-0e7a212f-7d76-6&quot;,&quot;tag&quot;:&quot;vc_masonry_media_grid&quot;}\" data-vc-request=\"https:\/\/www.sv-gutsmuths-jena.de\/badminton-jena\/wp-admin\/admin-ajax.php\" data-vc-post-id=\"3046\" data-vc-public-nonce=\"9a15b2831b\">\n\t\t\n\t<\/div>\n<\/div><div class=\"vc_empty_space\"   style=\"height: 20px\"><span class=\"vc_empty_space_inner\"><\/span><\/div><\/div><\/div><\/div><\/div><div class=\"vc_row wpb_row vc_row-fluid\"><div class=\"wpb_column vc_column_container vc_col-sm-9\"><div class=\"vc_column-inner\"><div class=\"wpb_wrapper\"><div id=\"1493626054920-abe1c76b-ec6b\" class=\"vc_do_toggle vc_toggle vc_toggle_round vc_toggle_color_blue vc_toggle_color_inverted vc_toggle_size_md\"><div class=\"vc_toggle_title\"><h4>Ergebnisse unserer Spieler<\/h4><i class=\"vc_toggle_icon\"><\/i><\/div><div class=\"vc_toggle_content\"><table style=\"width: 591px;\">\n<tbody>\n<tr>\n<td style=\"width: 33px;\">1.<\/td>\n<td style=\"width: 80px;\">JE U17<\/td>\n<td style=\"width: 456px;\">Tamino Niedling<\/td>\n<\/tr>\n<tr>\n<td style=\"width: 33px;\">1.<\/td>\n<td style=\"width: 80px;\">JD U17<\/td>\n<td style=\"width: 456px;\">Tamino Niedling\/Moritz Scheler<\/td>\n<\/tr>\n<tr>\n<td style=\"width: 33px;\">2.<\/td>\n<td style=\"width: 80px;\">JE U17<\/td>\n<td style=\"width: 456px;\">Moritz Scheler<\/td>\n<\/tr>\n<tr>\n<td style=\"width: 33px;\">3.<\/td>\n<td style=\"width: 80px;\">ME U17<\/td>\n<td style=\"width: 456px;\">Davia Strumpf<\/td>\n<\/tr>\n<tr>\n<td style=\"width: 33px;\">3.<\/td>\n<td style=\"width: 80px;\">MD U17<\/td>\n<td style=\"width: 456px;\">Amalia Prokein\/Clara Gr\u00fcndel<\/td>\n<\/tr>\n<tr>\n<td style=\"width: 33px;\">4.<\/td>\n<td style=\"width: 80px;\">ME U13<\/td>\n<td style=\"width: 456px;\">Amalia Prokein<\/td>\n<\/tr>\n<tr>\n<td style=\"width: 33px;\">4.<\/td>\n<td style=\"width: 80px;\">ME U17<\/td>\n<td style=\"width: 456px;\">Lea K\u00e4mnitz<\/td>\n<\/tr>\n<tr>\n<td style=\"width: 33px;\">4.<\/td>\n<td style=\"width: 80px;\">MD U17<\/td>\n<td style=\"width: 456px;\">Davia Strumpf\/Annouk Tobien (VSG 70 Bad Frankenhausen)<\/td>\n<\/tr>\n<tr>\n<td style=\"width: 33px;\">5.<\/td>\n<td style=\"width: 80px;\">MD U17<\/td>\n<td style=\"width: 456px;\">Michelle Viehrig\/Lea K\u00e4mnitz<\/td>\n<\/tr>\n<tr>\n<td style=\"width: 33px;\">5.<\/td>\n<td style=\"width: 80px;\">JD U13<\/td>\n<td style=\"width: 456px;\">Florian Belke\/Oskar Schwibs (SV 1880 Unterp\u00f6rlitz)<\/td>\n<\/tr>\n<tr>\n<td style=\"width: 33px;\">6.<\/td>\n<td style=\"width: 80px;\">ME U13<\/td>\n<td style=\"width: 456px;\">Clara Gr\u00fcndel<\/td>\n<\/tr>\n<tr>\n<td style=\"width: 33px;\">8.<\/td>\n<td style=\"width: 80px;\">ME U17<\/td>\n<td style=\"width: 456px;\">Johanna Prei\u00df<\/td>\n<\/tr>\n<tr>\n<td style=\"width: 33px;\">10.<\/td>\n<td style=\"width: 80px;\">ME U17<\/td>\n<td style=\"width: 456px;\">Michelle Viehrig<\/td>\n<\/tr>\n<tr>\n<td style=\"width: 33px;\">12.<\/td>\n<td style=\"width: 80px;\">JE U13<\/td>\n<td style=\"width: 456px;\">Florian Belke<\/td>\n<\/tr>\n<\/tbody>\n<\/table>\n<\/div><\/div><\/div><\/div><\/div><div class=\"wpb_column vc_column_container vc_col-sm-3\"><div class=\"vc_column-inner\"><div class=\"wpb_wrapper\"><span id=\"creative-link-wrap-6264\" class=\" ult_main_cl  \" >\n\t \t\t\t<span  class=\"ult_cl_link_10  ult_crlink\" id=\"\">\n\t\t\t\t\t<a  data-ultimate-target='#creative-link-wrap-6264 .ult_colorlink'  data-responsive-json-new='{\"font-size\":\"\",\"line-height\":\"\"}'  href=\"https:\/\/www.turnier.de\/sport\/tournament.aspx?id=294364DE-A074-42DB-9D84-CA1C4F13E084\" title=\"Einzelergebnisse\" target=\"_blank\" rel=\"noopener\"  class=\"ult_colorlink  ult-responsive \"  style=\"float:right;font-weight:normal; \"  data-textcolor=\"#ffffff\" data-texthover=\"#1e73be\"data-style=\"Style_10\">\n\t\t\t\t\t\t<span   class=\"ult_btn10_span   vc_custom_1493627017597\" style=\"background:#1e73be;border-top:2px solid #eeee22;\" data-color=\"#eeee22\"  data-bhover=\"#ffffff\" data-bstyle=\"solid\">\n\t\t\t\t\t\t\t<span class=\"ult_link_btm  ult_btn10_link_top\" style=\"background:#ffffff;\">\n\t\t\t\t\t\t\t\t<span style=\"color:#ffffff;;color:#1e73be\" class=\"style10-span\">Einzelergebnisse<\/span>\n\t\t\t\t\t\t\t<\/span>\n\t\t\t\t\t\t\t<span style=\"color:#ffffff;;\">Einzelergebnisse<\/span>\n\t\t\t\t\t\t<\/span>\n\n\t\t\t\t\t<\/a>\n\t\t\t\t<\/span>\n\t\t\t<\/span><\/div><\/div><\/div><\/div>\n<\/div>","protected":false},"excerpt":{"rendered":"<p>Starke Leistung der Jungen U17 Bei der ersten Rangliste f\u00fcr die kommende Saison in den AK U13 und U17 gewannen Tamino und Moritz (beide noch AK U15) souver\u00e4n die Doppelkonkurrenz und standen sich auch im Einzelfinale gegen\u00fcber. Davia zeigte im Einzel eine gute k\u00e4mpferische Leistung und insgesamt ansteigende Form. F\u00fcr die anderen M\u00e4dchen (auch noch&hellip;<\/p>\n","protected":false},"author":1,"featured_media":0,"comment_status":"closed","ping_status":"open","sticky":false,"template":"","format":"standard","meta":{"footnotes":""},"categories":[32,37],"tags":[],"class_list":{"0":"post-3046","1":"post","2":"type-post","3":"status-publish","4":"format-standard","5":"hentry","6":"category-32","7":"category-mai-2017","9":"category-37","10":"description-off"},"_links":{"self":[{"href":"https:\/\/www.sv-gutsmuths-jena.de\/badminton-jena\/wp-json\/wp\/v2\/posts\/3046","targetHints":{"allow":["GET"]}}],"collection":[{"href":"https:\/\/www.sv-gutsmuths-jena.de\/badminton-jena\/wp-json\/wp\/v2\/posts"}],"about":[{"href":"https:\/\/www.sv-gutsmuths-jena.de\/badminton-jena\/wp-json\/wp\/v2\/types\/post"}],"author":[{"embeddable":true,"href":"https:\/\/www.sv-gutsmuths-jena.de\/badminton-jena\/wp-json\/wp\/v2\/users\/1"}],"replies":[{"embeddable":true,"href":"https:\/\/www.sv-gutsmuths-jena.de\/badminton-jena\/wp-json\/wp\/v2\/comments?post=3046"}],"version-history":[{"count":0,"href":"https:\/\/www.sv-gutsmuths-jena.de\/badminton-jena\/wp-json\/wp\/v2\/posts\/3046\/revisions"}],"wp:attachment":[{"href":"https:\/\/www.sv-gutsmuths-jena.de\/badminton-jena\/wp-json\/wp\/v2\/media?parent=3046"}],"wp:term":[{"taxonomy":"category","embeddable":true,"href":"https:\/\/www.sv-gutsmuths-jena.de\/badminton-jena\/wp-json\/wp\/v2\/categories?post=3046"},{"taxonomy":"post_tag","embeddable":true,"href":"https:\/\/www.sv-gutsmuths-jena.de\/badminton-jena\/wp-json\/wp\/v2\/tags?post=3046"}],"curies":[{"name":"wp","href":"https:\/\/api.w.org\/{rel}","templated":true}]}}