{"id":4767,"date":"2018-01-29T11:39:26","date_gmt":"2018-01-29T10:39:26","guid":{"rendered":"http:\/\/www.sv-gutsmuths-jena.de\/badminton-jena\/?p=4767"},"modified":"2018-01-29T11:49:30","modified_gmt":"2018-01-29T10:49:30","slug":"2-vrl-u15-u19-in-weimar","status":"publish","type":"post","link":"https:\/\/www.sv-gutsmuths-jena.de\/badminton-jena\/2-vrl-u15-u19-in-weimar\/","title":{"rendered":"2. VRL U15\/U19 in Weimar"},"content":{"rendered":"<div class=\"wpb-content-wrapper\"><div class=\"vc_row wpb_row vc_row-fluid\"><div class=\"wpb_column vc_column_container vc_col-sm-12\"><div class=\"vc_column-inner\"><div class=\"wpb_wrapper\"><div id=\"uvc-type-wrap-3454\"  data-ultimate-target='#uvc-type-wrap-3454'  data-responsive-json-new='{\"font-size\":\"desktop:16px;\",\"line-height\":\"\"}'  class=\"uvc-type-wrap  ult-adjust-bottom-margin ult-responsive  uvc-type-align-left uvc-type-no-prefix uvc-wrap-277461823169f17bbe2e118\" style=\"text-align:left;\"><span id=\"typed-277461823169f17bbe2e118\" class=\"ultimate-typed-main \" style=\"color:#1e73be; font-weight:normal; text-transform: unset;\"><\/span><script type=\"text\/javascript\">\n\t\t\t\t\t\tjQuery(function($){ \n\t\t\t\t\t\t\t$(document).ready(function(){\n\t\t\t\t\t\t\t\tif( typeof jQuery(\"#typed-277461823169f17bbe2e118\").typed == \"function\"){\n\t\t\t\t\t\t\t\t\t$(\"#typed-277461823169f17bbe2e118\").typed({\n\t\t\t\t\t\t\t\t\t\tstrings: [\"29. Januar 2018\"],\n\t\t\t\t\t\t\t\t\t\ttypeSpeed: 300,\n\t\t\t\t\t\t\t\t\t\tbackSpeed: 0,\n\t\t\t\t\t\t\t\t\t\tstartDelay: \"800\",\n\t\t\t\t\t\t\t\t\t\tbackDelay: \"1500\",\n\t\t\t\t\t\t\t\t\t\tloop: false,\n\t\t\t\t\t\t\t\t\t\tloopCount: false,\n\t\t\t\t\t\t\t\t\t\tshowCursor: true,\n\t\t\t\t\t\t\t\t\t\tcursorChar: \"|\",\n\t\t\t\t\t\t\t\t\t\tattr: null\n\t\t\t\t\t\t\t\t\t});\n\t\t\t\t\t\t\t\t}\n\t\t\t\t\t\t\t});\n\t\t\t\t\t\t});\n\t\t\t\t\t<\/script><\/div><div class=\"vc_empty_space\"   style=\"height: 20px\"><span class=\"vc_empty_space_inner\"><\/span><\/div><div id=\"ts-advanced-textblock-container-9719975\" class=\"ts-advanced-textblock-container    ts-advanced-textblock-viewport\" data-viewport-class=\"ts-infinite-css-fadeIn\" data-viewport-offset=\"bottom-in-view\" data-viewport-delay=\"0\" data-viewport-opacity=\"1\" data-viewport-mobile=\"false\" data-shadow-active=\"false\" data-shadow-class=\"\"  data-height-type=\"auto\" data-height-fixed=\"200\" data-height-minimum=\"200\" data-height-maximum=\"200\"><div id=\"ts-advanced-textblock-content-9719975\" class=\"ts-advanced-textblock-content\" data-scroll-nice=\"false\" data-scroll-color=\"#cacaca\" data-scroll-background=\"#ededed\" data-scroll-init=\"false\"><\/p>\n<p style=\"text-align: center;\"><span style=\"font-size: 20px;\">Sehr gute Leistungen unserer U13\u2019er in der h\u00f6heren Spielklasse U15!<\/span><\/p>\n<p><\/div><\/div><div class=\"vc_empty_space\"   style=\"height: 20px\"><span class=\"vc_empty_space_inner\"><\/span><\/div><\/div><\/div><\/div><\/div><div class=\"vc_row wpb_row vc_row-fluid\"><div class=\"wpb_column vc_column_container vc_col-sm-12\"><div class=\"vc_column-inner\"><div class=\"wpb_wrapper\"><div id=\"ts-vcsc-image-gallery-3950082\" class=\"ts-image-gallery-wrapper ts-kraut-lightbox-frame   \" data-style=\"polaroid\" data-break-parents=\"6\" data-inline=\"false\" style=\"margin-top: 0px; margin-bottom: 0px; position: relative;\"><div id=\"ts-polaroid-gallery-stack-3950082\" class=\"ts-polaroid-gallery-stack\" style=\"width: 100%; height: 526px;\" data-external=\"false\" data-whitespcae=\"20\" data-addition=\"20\" data-initialheight=\"526\" data-maxheight=\"800\" data-lastwidth=\"0\" data-layout=\"horizontalRight\" data-visible=\"2\" data-fullsize=\"true\" data-margin=\"20\" data-rotation=\"true\" data-autostart=\"false\" data-delay=\"3000\" data-counter=\"false\" data-position=\"topright\" data-swipe=\"0,1,2\"><div class=\"ts-lightbox-gallery-polaroid-preloader ts-polaroid-gallery-preloader\"><div id=\"ts-lightbox-gallery-polaroid-preloader-3950082\" class=\" ts-preloader-animation-main ts-preloader-animation-12\"><span data-count=\"1\"><\/span><span data-count=\"2\"><\/span><\/div><\/div><div class=\"ts-polaroid-gallery-images\" style=\"display: none; width: 100%; height: 526px;\"><div id=\"ts-polaroid-gallery-slide-3950082-0\" class=\"ts-polaroid-gallery-slide ts-polaroid-gallery-slide-hidden\" style=\"width: 920px; height: 526px;\"><div class=\"ts-polaroid-gallery-wrapper\" style=\"width: 900px; height: 506px;\"><div class=\"ts-polaroid-gallery-preview\" style=\"width: 100%; height: 100%; background-image:  url(https:\/\/www.sv-gutsmuths-jena.de\/badminton-jena\/wp-content\/uploads\/sites\/4\/2018\/01\/VRLU15_3.jpg);\" alt=\"VRLU15_3\" loading=\"eager\" data-width=\"900\" data-height=\"506\" data-ratio=\"1.7786561264822\"><\/div><\/div><\/div><div id=\"ts-polaroid-gallery-slide-3950082-1\" class=\"ts-polaroid-gallery-slide ts-polaroid-gallery-slide-hidden\" style=\"width: 920px; height: 526px;\"><div class=\"ts-polaroid-gallery-wrapper\" style=\"width: 900px; height: 506px;\"><div class=\"ts-polaroid-gallery-preview\" style=\"width: 100%; height: 100%; background-image:  url(https:\/\/www.sv-gutsmuths-jena.de\/badminton-jena\/wp-content\/uploads\/sites\/4\/2018\/01\/VRLU15_2.jpg);\" alt=\"VRLU15_2\" loading=\"eager\" data-width=\"900\" data-height=\"506\" data-ratio=\"1.7786561264822\"><\/div><\/div><\/div><div id=\"ts-polaroid-gallery-slide-3950082-2\" class=\"ts-polaroid-gallery-slide ts-polaroid-gallery-slide-hidden\" style=\"width: 920px; height: 526px;\"><div class=\"ts-polaroid-gallery-wrapper\" style=\"width: 900px; height: 506px;\"><div class=\"ts-polaroid-gallery-preview\" style=\"width: 100%; height: 100%; background-image: url(https:\/\/www.sv-gutsmuths-jena.de\/badminton-jena\/wp-content\/uploads\/sites\/4\/2018\/01\/VRLU15_1.jpg);\" alt=\"VRLU15_1\" loading=\"eager\" data-width=\"900\" data-height=\"506\" data-ratio=\"1.7786561264822\"><\/div><\/div><\/div><\/div><div class=\"ts-polaroid-gallery-controls ts-polaroid-gallery-controls-topcenter\" style=\"display: none;\"><div class=\"ts-polaroid-gallery-controls-prev\"><span class=\"ts-ecommerce-arrowleft2\"><\/span><\/div><div class=\"ts-polaroid-gallery-controls-play\"><span class=\"ts-ecommerce-play\"><\/span><\/div><div class=\"ts-polaroid-gallery-controls-next\"><span class=\"ts-ecommerce-arrowright2\"><\/span><\/div><\/div> <\/div><\/div><div class=\"vc_empty_space\"   style=\"height: 20px\"><span class=\"vc_empty_space_inner\"><\/span><\/div><\/div><\/div><\/div><\/div><div class=\"vc_row wpb_row vc_row-fluid\"><div class=\"wpb_column vc_column_container vc_col-sm-8\"><div class=\"vc_column-inner\"><div class=\"wpb_wrapper\"><div class=\"cq-accordion2 \" style=\"width:;\" data-titlecolor=\"#f9f9f9\" data-titlebg=\"rgba(0,0,0,0.31)\" data-titlehoverbg=\"#1e73be\" data-titlehovercolor=\"#ffffff\" data-displayfirst=\"\"><dl><dt><a class=\"accordionTitle withBorder\" style=\"background-color:rgba(0,0,0,0.31);background-image:url();padding:;color:#f9f9f9;border-color:#d1d1d1;\" href=\"#\"><i class=\"accordion-icon\">+<\/i><span style=\"font-size:18;\">Ergebnisse:<\/span><\/a><\/dt><dd class=\"accordionItem accordionItemCollapsed\"><div class=\"accordion-content\" style=\"background-color:rgba(0,0,0,0.24);color:#f4f4f4;font-size:;\"><\/p>\n<p>2. Platz ME U15 Amalia Prokein<br \/>\n3. Platz ME U15 Marie-Christin Voigt<br \/>\n4. Platz JE U15 Benno O\u00dfwald<br \/>\n5. Platz ME U19 Michelle Viehrig<br \/>\n6. Platz ME U15 Clara Gr\u00fcndel<br \/>\n7. Platz ME U19 Johanna Prei\u00df<\/div><\/dd><\/dl><\/div><\/div><\/div><\/div><div class=\"wpb_column vc_column_container vc_col-sm-4\"><div class=\"vc_column-inner\"><div class=\"wpb_wrapper\"><div class=\"vc_empty_space\"   style=\"height: 20px\"><span class=\"vc_empty_space_inner\"><\/span><\/div><span id=\"creative-link-wrap-5010\" class=\" ult_main_cl  \" >\n\t \t\t\t<span  class=\"ult_cl_link_10  ult_crlink\" id=\"\">\n\t\t\t\t\t<a  data-ultimate-target='#creative-link-wrap-5010 .ult_colorlink'  data-responsive-json-new='{\"font-size\":\"\",\"line-height\":\"\"}'  href=\"https:\/\/www.turnier.de\/sport\/tournament.aspx?id=86F41767-071B-476F-B5E8-134E016843B4\" target=\"_blank\" rel=\"noopener\"  class=\"ult_colorlink  ult-responsive \"  style=\"font-weight:normal; \"  data-textcolor=\"#1e73be\" data-texthover=\"#efefef\"data-style=\"Style_10\">\n\t\t\t\t\t\t<span   class=\"ult_btn10_span   vc_custom_1517220989977\" style=\"background:#ffffff;border-top:2px solid #f4f4f4;\" data-color=\"#f4f4f4\"  data-bhover=\"#1e73be\" data-bstyle=\"solid\">\n\t\t\t\t\t\t\t<span class=\"ult_link_btm  ult_btn10_link_top\" style=\"background:#1e73be;\">\n\t\t\t\t\t\t\t\t<span style=\"color:#1e73be;;color:#efefef\" class=\"style10-span\">weitere Ergebnisse<\/span>\n\t\t\t\t\t\t\t<\/span>\n\t\t\t\t\t\t\t<span style=\"color:#1e73be;;\">weitere Ergebnisse<\/span>\n\t\t\t\t\t\t<\/span>\n\n\t\t\t\t\t<\/a>\n\t\t\t\t<\/span>\n\t\t\t<\/span><\/div><\/div><\/div><\/div>\n<\/div>","protected":false},"excerpt":{"rendered":"<p>Sehr gute Leistungen unserer U13\u2019er in der h\u00f6heren Spielklasse U15! +Ergebnisse: 2. Platz ME U15 Amalia Prokein 3. Platz ME U15 Marie-Christin Voigt 4. Platz JE U15 Benno O\u00dfwald 5. Platz ME U19 Michelle Viehrig 6. Platz ME U15 Clara Gr\u00fcndel 7. Platz ME U19 Johanna Prei\u00df weitere Ergebnisse weitere Ergebnisse<\/p>\n","protected":false},"author":1,"featured_media":0,"comment_status":"closed","ping_status":"open","sticky":false,"template":"","format":"standard","meta":{"footnotes":""},"categories":[32,46,47],"tags":[],"class_list":{"0":"post-4767","1":"post","2":"type-post","3":"status-publish","4":"format-standard","5":"hentry","6":"category-32","7":"category-46","8":"category-januar-2018","11":"category-47","12":"description-off"},"_links":{"self":[{"href":"https:\/\/www.sv-gutsmuths-jena.de\/badminton-jena\/wp-json\/wp\/v2\/posts\/4767","targetHints":{"allow":["GET"]}}],"collection":[{"href":"https:\/\/www.sv-gutsmuths-jena.de\/badminton-jena\/wp-json\/wp\/v2\/posts"}],"about":[{"href":"https:\/\/www.sv-gutsmuths-jena.de\/badminton-jena\/wp-json\/wp\/v2\/types\/post"}],"author":[{"embeddable":true,"href":"https:\/\/www.sv-gutsmuths-jena.de\/badminton-jena\/wp-json\/wp\/v2\/users\/1"}],"replies":[{"embeddable":true,"href":"https:\/\/www.sv-gutsmuths-jena.de\/badminton-jena\/wp-json\/wp\/v2\/comments?post=4767"}],"version-history":[{"count":0,"href":"https:\/\/www.sv-gutsmuths-jena.de\/badminton-jena\/wp-json\/wp\/v2\/posts\/4767\/revisions"}],"wp:attachment":[{"href":"https:\/\/www.sv-gutsmuths-jena.de\/badminton-jena\/wp-json\/wp\/v2\/media?parent=4767"}],"wp:term":[{"taxonomy":"category","embeddable":true,"href":"https:\/\/www.sv-gutsmuths-jena.de\/badminton-jena\/wp-json\/wp\/v2\/categories?post=4767"},{"taxonomy":"post_tag","embeddable":true,"href":"https:\/\/www.sv-gutsmuths-jena.de\/badminton-jena\/wp-json\/wp\/v2\/tags?post=4767"}],"curies":[{"name":"wp","href":"https:\/\/api.w.org\/{rel}","templated":true}]}}