{"id":68,"date":"2015-10-05T23:55:16","date_gmt":"2015-10-05T21:55:16","guid":{"rendered":"http:\/\/www.sv-gutsmuths-jena.de\/mobile1\/?p=68"},"modified":"2015-10-18T14:48:10","modified_gmt":"2015-10-18T12:48:10","slug":"2-swd-rl-2015","status":"publish","type":"post","link":"https:\/\/www.sv-gutsmuths-jena.de\/badminton-jena\/2-swd-rl-2015\/","title":{"rendered":"2. SWD RL 2015"},"content":{"rendered":"<div class=\"wpb-content-wrapper\"><div class=\"vc_row wpb_row vc_row-fluid\"><div class=\"wpb_column vc_column_container vc_col-sm-12\"><div class=\"vc_column-inner\"><div class=\"wpb_wrapper\"><div class=\"dt-fancy-separator title-left accent-title-color\" style=\"width: 100%;\"><div class=\"dt-fancy-title\"><span class=\"separator-holder separator-left\"><\/span>05. Oktober 2015<span class=\"separator-holder separator-right\"><\/span><\/div><\/div><div class=\"vc_empty_space\"   style=\"height: 20px\"><span class=\"vc_empty_space_inner\"><\/span><\/div>\n\t<div class=\"wpb_text_column wpb_content_element \" >\n\t\t<div class=\"wpb_wrapper\">\n\t\t\t<p><strong>2. S\u00fcdwestdeutsche Rangliste 2015<\/strong> <strong>AK U13 \u2013 U19<\/strong> <strong>in Kleinblittersdorf (Saarland)<\/strong><\/p>\n\n\t\t<\/div>\n\t<\/div>\n<\/div><\/div><\/div><\/div><div class=\"vc_row wpb_row vc_row-fluid\"><div class=\"wpb_column vc_column_container vc_col-sm-12\"><div class=\"vc_column-inner\"><div class=\"wpb_wrapper\"><div class=\"hr-thin style-line\" style=\"width: 100%;border-color: #1e73be;border-top-width: 1px;\"><\/div><div class=\"vc_empty_space\"   style=\"height: 20px\"><span class=\"vc_empty_space_inner\"><\/span><\/div><\/div><\/div><\/div><\/div><div class=\"vc_row wpb_row vc_row-fluid\"><div class=\"wpb_column vc_column_container vc_col-sm-12\"><div class=\"vc_column-inner\"><div class=\"wpb_wrapper\">\n\t<div class=\"wpb_text_column wpb_content_element \" >\n\t\t<div class=\"wpb_wrapper\">\n\t\t\t<p style=\"text-align: justify;\">bei der ersten S\u00fcdwestdeutschen Rangliste, Anfang September in Gera, waren wir von den Ergebnissen begeistert, jetzt beim zweiten Turnier haben wir sie noch einmal steigern k\u00f6nnen. Insgesamt 7 erste, 4 zweite und 4 dritte Pl\u00e4tze \u2013 das ist wirklich stark. Dabei werden die Altersklassen U13 und U15 klar von den Th\u00fcringern \u201ebeherrscht\u201c.<\/p>\n<p style=\"text-align: justify;\">Von den m\u00f6glichen 10 Titeln haben wir 6 gewonnen. Hinzu kommen noch zwei zweite und drei dritte Pl\u00e4tze, sodass wir fast in allen Disziplinen dieser Altersklassen vorn dabei waren. Leander Adam gelang das Kunstst\u00fcck gleich in allen 3 Disziplinen den 1. Platz zu belegen.<\/p>\n<p style=\"text-align: justify;\">Auch in der Altersklasse U17 haben wir es dieses Mal ganz nach oben geschafft. Nach seiner \u00e4rgerlichen Finalniederlage beim letzten Mal, schaffte Lennart Notni dieses Mal die Revanche gegen Minh Nguyen und besiegte den Hessen in 3 S\u00e4tzen.<\/p>\n<p style=\"text-align: justify;\">Einen ausf\u00fchrlichen Bericht gibt es auf der Internetseite des <strong><a href=\"http:\/\/www.badminton-thueringen.de\/component\/content\/article\/37-meldungen\/1084-leander-adam-dreimal-bei-suedwestrangliste-siegreich.html\" target=\"_blank\">TBV<\/a><\/strong><\/p>\n<p style=\"text-align: right;\"><em>Mathias Jauk<\/em><\/p>\n\n\t\t<\/div>\n\t<\/div>\n<div class=\"vc_empty_space\"   style=\"height: 32px\"><span class=\"vc_empty_space_inner\"><\/span><\/div><\/div><\/div><\/div><\/div><div class=\"vc_row wpb_row vc_row-fluid\"><div class=\"wpb_column vc_column_container vc_col-sm-4\"><div class=\"vc_column-inner\"><div class=\"wpb_wrapper\">\n\t<div  class=\"wpb_single_image wpb_content_element vc_align_left  wpb_animate_when_almost_visible wpb_bounce bounce\">\n\t\t\n\t\t<figure class=\"wpb_wrapper vc_figure\">\n\t\t\t<a href=\"https:\/\/www.sv-gutsmuths-jena.de\/badminton-jena\/wp-content\/uploads\/sites\/4\/2015\/10\/TMU15_6.jpg\" target=\"_self\" data-large_image_width=\"900\" data-large_image_height=\"506\"  class=\"vc_single_image-wrapper vc_box_rounded  vc_box_border_grey rollover\"   ><img decoding=\"async\" class=\"vc_single_image-img \" src=\"https:\/\/www.sv-gutsmuths-jena.de\/badminton-jena\/wp-content\/uploads\/sites\/4\/2015\/10\/TMU15_6-300x300.jpg\" width=\"300\" height=\"300\" alt=\"TMU15_6\" title=\"TMU15_6\" loading=\"lazy\"  data-dt-location=\"https:\/\/www.sv-gutsmuths-jena.de\/badminton-jena\/thm-u15\/tmu15_6\/\" \/><\/a>\n\t\t<\/figure>\n\t<\/div>\n<\/div><\/div><\/div><div class=\"wpb_column vc_column_container vc_col-sm-4\"><div class=\"vc_column-inner\"><div class=\"wpb_wrapper\"><blockquote class=\"h3-size rollIn animate-element shortcode-blockquote\"><p style=\"text-align: center;\"><span style=\"font-size: 22px;\"><a href=\"https:\/\/www.sv-gutsmuths-jena.de\/mobile1\/wp-content\/uploads\/sites\/4\/2015\/09\/2.-SWD-RL-2015.pdf\">Ergebnis\u00fcbersicht<\/a><\/span><\/p>\n<\/blockquote><\/div><\/div><\/div><div class=\"wpb_column vc_column_container vc_col-sm-4\"><div class=\"vc_column-inner\"><div class=\"wpb_wrapper\">\n\t<div  class=\"wpb_single_image wpb_content_element vc_align_right  wpb_animate_when_almost_visible wpb_bounce bounce\">\n\t\t\n\t\t<figure class=\"wpb_wrapper vc_figure\">\n\t\t\t<a href=\"https:\/\/www.sv-gutsmuths-jena.de\/badminton-jena\/wp-content\/uploads\/sites\/4\/2015\/10\/THM-U15.jpg\" target=\"_self\" data-large_image_width=\"900\" data-large_image_height=\"506\"  class=\"vc_single_image-wrapper vc_box_rounded  vc_box_border_grey rollover\"   ><img decoding=\"async\" class=\"vc_single_image-img \" src=\"https:\/\/www.sv-gutsmuths-jena.de\/badminton-jena\/wp-content\/uploads\/sites\/4\/2015\/10\/THM-U15-300x300.jpg\" width=\"300\" height=\"300\" alt=\"THM-U15\" title=\"THM-U15\" loading=\"lazy\"  data-dt-location=\"https:\/\/www.sv-gutsmuths-jena.de\/badminton-jena\/2-swd-rl-2015\/thm-u15-2\/\" \/><\/a>\n\t\t<\/figure>\n\t<\/div>\n<\/div><\/div><\/div><\/div>\n<\/div>","protected":false},"excerpt":{"rendered":"<p>05. Oktober 2015 2. S\u00fcdwestdeutsche Rangliste 2015 AK U13 \u2013 U19 in Kleinblittersdorf (Saarland) bei der ersten S\u00fcdwestdeutschen Rangliste, Anfang September in Gera, waren wir von den Ergebnissen begeistert, jetzt beim zweiten Turnier haben wir sie noch einmal steigern k\u00f6nnen. Insgesamt 7 erste, 4 zweite und 4 dritte Pl\u00e4tze \u2013 das ist wirklich stark. Dabei&hellip;<\/p>\n","protected":false},"author":1,"featured_media":0,"comment_status":"closed","ping_status":"closed","sticky":false,"template":"","format":"gallery","meta":{"footnotes":""},"categories":[4,10],"tags":[],"class_list":{"0":"post-68","1":"post","2":"type-post","3":"status-publish","4":"format-gallery","5":"hentry","6":"category-4","7":"category-oktober","8":"post_format-post-format-gallery","10":"category-10","11":"description-off"},"_links":{"self":[{"href":"https:\/\/www.sv-gutsmuths-jena.de\/badminton-jena\/wp-json\/wp\/v2\/posts\/68","targetHints":{"allow":["GET"]}}],"collection":[{"href":"https:\/\/www.sv-gutsmuths-jena.de\/badminton-jena\/wp-json\/wp\/v2\/posts"}],"about":[{"href":"https:\/\/www.sv-gutsmuths-jena.de\/badminton-jena\/wp-json\/wp\/v2\/types\/post"}],"author":[{"embeddable":true,"href":"https:\/\/www.sv-gutsmuths-jena.de\/badminton-jena\/wp-json\/wp\/v2\/users\/1"}],"replies":[{"embeddable":true,"href":"https:\/\/www.sv-gutsmuths-jena.de\/badminton-jena\/wp-json\/wp\/v2\/comments?post=68"}],"version-history":[{"count":0,"href":"https:\/\/www.sv-gutsmuths-jena.de\/badminton-jena\/wp-json\/wp\/v2\/posts\/68\/revisions"}],"wp:attachment":[{"href":"https:\/\/www.sv-gutsmuths-jena.de\/badminton-jena\/wp-json\/wp\/v2\/media?parent=68"}],"wp:term":[{"taxonomy":"category","embeddable":true,"href":"https:\/\/www.sv-gutsmuths-jena.de\/badminton-jena\/wp-json\/wp\/v2\/categories?post=68"},{"taxonomy":"post_tag","embeddable":true,"href":"https:\/\/www.sv-gutsmuths-jena.de\/badminton-jena\/wp-json\/wp\/v2\/tags?post=68"}],"curies":[{"name":"wp","href":"https:\/\/api.w.org\/{rel}","templated":true}]}}