{"id":78,"date":"2015-09-13T18:56:43","date_gmt":"2015-09-13T16:56:43","guid":{"rendered":"http:\/\/www.sv-gutsmuths-jena.de\/mobile1\/?p=78"},"modified":"2015-10-15T23:06:29","modified_gmt":"2015-10-15T21:06:29","slug":"trl-u9-und-u11","status":"publish","type":"post","link":"https:\/\/www.sv-gutsmuths-jena.de\/badminton-jena\/trl-u9-und-u11\/","title":{"rendered":"TRL U9 und U11"},"content":{"rendered":"<div class=\"wpb-content-wrapper\"><div class=\"vc_row wpb_row vc_row-fluid\"><div class=\"wpb_column vc_column_container vc_col-sm-12\"><div class=\"vc_column-inner\"><div class=\"wpb_wrapper\"><div class=\"dt-fancy-separator title-left accent-title-color\" style=\"width: 100%;\"><div class=\"dt-fancy-title\"><span class=\"separator-holder separator-left\"><\/span>13. September 2015<span class=\"separator-holder separator-right\"><\/span><\/div><\/div><div class=\"vc_empty_space\"   style=\"height: 20px\"><span class=\"vc_empty_space_inner\"><\/span><\/div>\n\t<div class=\"wpb_text_column wpb_content_element \" >\n\t\t<div class=\"wpb_wrapper\">\n\t\t\t<p><strong><b>Viele Medaillen bei der Th\u00fcringen-Rangliste U9 und U11 <\/b><\/strong><\/p>\n\n\t\t<\/div>\n\t<\/div>\n<div class=\"vc_empty_space\"   style=\"height: 20px\"><span class=\"vc_empty_space_inner\"><\/span><\/div><\/div><\/div><\/div><\/div><div class=\"vc_row wpb_row vc_row-fluid\"><div class=\"wpb_column vc_column_container vc_col-sm-12\"><div class=\"vc_column-inner\"><div class=\"wpb_wrapper\">\n\t<div class=\"wpb_text_column wpb_content_element \" >\n\t\t<div class=\"wpb_wrapper\">\n\t\t\t<p style=\"text-align: justify;\">Die erste Th\u00fcringenrangliste U 9 und U 11 in Weimar zeigt das gestiegene Leistungsverm\u00f6gen unserer Starter. Besonders hervorzuheben sind die starken Ergebnisse im Technik- und Athletikwettbewerb U9, bei dem wir die Pl\u00e4tze 1, 3, 4 und 9 belegten. Clara Gr\u00fcndel, die den Wettbewerb gewann, konnte sich zus\u00e4tzlich noch \u00fcber einen tollen Pokal freuen.<\/p>\n<p style=\"text-align: justify;\">Beim Badmintonturnier wird alters\u00fcbergreifend in Gruppen gespielt, damit jeder Spieler m\u00f6glichst viele Spiele auf seinem Niveau hat. Auch hier gab es gute Platzierungen. Besonders toll f\u00fcr die Kinder war es, dass am Ende des Tages nicht nur jeder zwei Urkunden bekam, sondern alle unsere Starter auch mindestens eine Medaille gewannen. Meinen herzlichen Gl\u00fcckwunsch dazu!!!<\/p>\n<p style=\"text-align: right;\"><em>Mathias Jauk<\/em><\/p>\n\n\t\t<\/div>\n\t<\/div>\n<div class=\"vc_empty_space\"   style=\"height: 20px\"><span class=\"vc_empty_space_inner\"><\/span><\/div>\n<div class=\"vc_grid-container-wrapper vc_clearfix vc_grid-animation-fadeIn\">\n\t<div class=\"vc_grid-container vc_clearfix wpb_content_element vc_media_grid\" data-initial-loading-animation=\"fadeIn\" data-vc-grid-settings=\"{&quot;page_id&quot;:78,&quot;style&quot;:&quot;all&quot;,&quot;action&quot;:&quot;vc_get_vc_grid_data&quot;,&quot;shortcode_id&quot;:&quot;1444943234351-3c7cd6e7-8f91-0&quot;,&quot;tag&quot;:&quot;vc_media_grid&quot;}\" data-vc-request=\"https:\/\/www.sv-gutsmuths-jena.de\/badminton-jena\/wp-admin\/admin-ajax.php\" data-vc-post-id=\"78\" data-vc-public-nonce=\"6f9cd6bd4d\">\n\t\t\n\t<\/div>\n<\/div><div class=\"vc_empty_space\"   style=\"height: 20px\"><span class=\"vc_empty_space_inner\"><\/span><\/div><div id=\"1444237817075-ecb5de85-d925\" class=\"vc_do_toggle vc_toggle vc_toggle_default vc_toggle_color_default  vc_toggle_size_md\"><div class=\"vc_toggle_title\"><h4>Disziplinen und Ergebnisse<\/h4><i class=\"vc_toggle_icon\"><\/i><\/div><div class=\"vc_toggle_content\"><div id=\"box-3740-0-0-1\" class=\"module module-box box-3740-0-0-1 \">\n<div class=\"module-box-content ui rounded shadow black \">\n<p><strong>Technik- und Athletikwettbewerb U 11<\/strong><\/p>\n<ol start=\"9\">\n<li>Platz: Amalia Prokein<\/li>\n<li>Platz: Florian Belke<\/li>\n<\/ol>\n<p><strong>Technik- und Athletikwettbewerb U 9<\/strong><\/p>\n<ol>\n<li>Platz: Clara Gr\u00fcndel<\/li>\n<li>Platz: Moritz Jauk<\/li>\n<li>Platz: Benno O\u00dfwald<\/li>\n<li>Platz: Nils Gerstenberger<\/li>\n<\/ol>\n<p><strong>Badmintonturnier:<\/strong><\/p>\n<p>M\u00e4dchen-Einzel Gruppe 2:<\/p>\n<ol start=\"3\">\n<li>Platz: Amalia Prokein<\/li>\n<\/ol>\n<p><strong>M\u00e4dchen-Einzel Gruppe 3<\/strong>:<\/p>\n<ol>\n<li>Platz: Clara Gr\u00fcndel<\/li>\n<\/ol>\n<p><strong>Jungen-Einzel Gruppe 3:<\/strong><\/p>\n<ol start=\"3\">\n<li>Platz: Benno O\u00dfwald<\/li>\n<\/ol>\n<p><strong>Jungen-Einzel Gruppe 4:<\/strong><\/p>\n<ol start=\"2\">\n<li>Platz: Florian Belke<\/li>\n<li>Platz: Moritz Jauk<\/li>\n<\/ol>\n<p><strong>Jungen-Einzel Gruppe 5:<\/strong><\/p>\n<ol start=\"3\">\n<li>Platz: Nils Gerstenberger<\/li>\n<\/ol>\n<\/div>\n<\/div>\n<\/div><\/div><\/div><\/div><\/div><\/div>\n<\/div>","protected":false},"excerpt":{"rendered":"<p>13. September 2015 Viele Medaillen bei der Th\u00fcringen-Rangliste U9 und U11 Die erste Th\u00fcringenrangliste U 9 und U 11 in Weimar zeigt das gestiegene Leistungsverm\u00f6gen unserer Starter. Besonders hervorzuheben sind die starken Ergebnisse im Technik- und Athletikwettbewerb U9, bei dem wir die Pl\u00e4tze 1, 3, 4 und 9 belegten. Clara Gr\u00fcndel, die den Wettbewerb gewann,&hellip;<\/p>\n","protected":false},"author":1,"featured_media":0,"comment_status":"closed","ping_status":"closed","sticky":false,"template":"","format":"standard","meta":{"footnotes":""},"categories":[4,5],"tags":[],"class_list":{"0":"post-78","1":"post","2":"type-post","3":"status-publish","4":"format-standard","5":"hentry","6":"category-4","7":"category-september","9":"category-5","10":"description-off"},"_links":{"self":[{"href":"https:\/\/www.sv-gutsmuths-jena.de\/badminton-jena\/wp-json\/wp\/v2\/posts\/78","targetHints":{"allow":["GET"]}}],"collection":[{"href":"https:\/\/www.sv-gutsmuths-jena.de\/badminton-jena\/wp-json\/wp\/v2\/posts"}],"about":[{"href":"https:\/\/www.sv-gutsmuths-jena.de\/badminton-jena\/wp-json\/wp\/v2\/types\/post"}],"author":[{"embeddable":true,"href":"https:\/\/www.sv-gutsmuths-jena.de\/badminton-jena\/wp-json\/wp\/v2\/users\/1"}],"replies":[{"embeddable":true,"href":"https:\/\/www.sv-gutsmuths-jena.de\/badminton-jena\/wp-json\/wp\/v2\/comments?post=78"}],"version-history":[{"count":0,"href":"https:\/\/www.sv-gutsmuths-jena.de\/badminton-jena\/wp-json\/wp\/v2\/posts\/78\/revisions"}],"wp:attachment":[{"href":"https:\/\/www.sv-gutsmuths-jena.de\/badminton-jena\/wp-json\/wp\/v2\/media?parent=78"}],"wp:term":[{"taxonomy":"category","embeddable":true,"href":"https:\/\/www.sv-gutsmuths-jena.de\/badminton-jena\/wp-json\/wp\/v2\/categories?post=78"},{"taxonomy":"post_tag","embeddable":true,"href":"https:\/\/www.sv-gutsmuths-jena.de\/badminton-jena\/wp-json\/wp\/v2\/tags?post=78"}],"curies":[{"name":"wp","href":"https:\/\/api.w.org\/{rel}","templated":true}]}}