{"id":890,"date":"2015-06-20T10:37:45","date_gmt":"2015-06-20T08:37:45","guid":{"rendered":"http:\/\/www.sv-gutsmuths-jena.de\/badminton-jena\/?p=890"},"modified":"2016-01-05T10:54:31","modified_gmt":"2016-01-05T09:54:31","slug":"2-trl-ak-u15u19","status":"publish","type":"post","link":"https:\/\/www.sv-gutsmuths-jena.de\/badminton-jena\/2-trl-ak-u15u19\/","title":{"rendered":"2. TRL AK U15\/U19"},"content":{"rendered":"<div class=\"wpb-content-wrapper\"><div class=\"vc_row wpb_row vc_row-fluid\"><div class=\"wpb_column vc_column_container vc_col-sm-12\"><div class=\"vc_column-inner\"><div class=\"wpb_wrapper\"><div class=\"dt-fancy-separator title-left text-big accent-title-color\" style=\"width: 100%;\"><div class=\"dt-fancy-title\"><span class=\"separator-holder separator-left\"><\/span>20. Juni 2015<span class=\"separator-holder separator-right\"><\/span><\/div><\/div><div class=\"vc_empty_space\"   style=\"height: 20px\"><span class=\"vc_empty_space_inner\"><\/span><\/div><div class=\"hr-thin style-line accent-border-color\" style=\"width: 100%;border-top-width: 1px;\"><\/div><div class=\"vc_empty_space\"   style=\"height: 20px\"><span class=\"vc_empty_space_inner\"><\/span><\/div><blockquote class=\"text-big swing animate-element shortcode-blockquote\"><p><span style=\"font-size: 20px;\">2. Th\u00fcringenrangliste Saison 2015\/2016 der AK U15\/U19 in S\u00f6mmerda<\/span><\/p>\n<\/blockquote><div class=\"vc_empty_space\"   style=\"height: 20px\"><span class=\"vc_empty_space_inner\"><\/span><\/div>\n\t<div class=\"wpb_text_column wpb_content_element \" >\n\t\t<div class=\"wpb_wrapper\">\n\t\t\t<p style=\"text-align: justify;\">Die letzte Rangliste vor der Sommerpause bot trotz guter Ergebnisse nur wenige spielerische H\u00f6hepunkte. Ausnahmen bildeten lediglich Dan Phuong, Tamino, Charlotte und Lennart in den Einzeln. F\u00fcr die Sportgymnasiasten beginnt in der kommenden Woche (26.06. \u2013 03.07.) die intensive Vorbereitung auf die neue Saison (Ende August) mit dem Trainingslager in Nordborg (D\u00e4nemark).<\/p>\n\n\t\t<\/div>\n\t<\/div>\n<div class=\"vc_empty_space\"   style=\"height: 20px\"><span class=\"vc_empty_space_inner\"><\/span><\/div>\n\t<div  class=\"wpb_single_image wpb_content_element vc_align_left\">\n\t\t\n\t\t<figure class=\"wpb_wrapper vc_figure\">\n\t\t\t<div class=\"vc_single_image-wrapper   vc_box_border_grey\"><img decoding=\"async\" class=\"vc_single_image-img \" src=\"https:\/\/www.sv-gutsmuths-jena.de\/badminton-jena\/wp-content\/uploads\/sites\/4\/2015\/06\/R4_1.jpg\" width=\"900\" height=\"300\" alt=\"R4_1\" title=\"R4_1\" loading=\"lazy\"  data-dt-location=\"https:\/\/www.sv-gutsmuths-jena.de\/badminton-jena\/2-trl-ak-u15u19\/r4_1\/\" \/><\/div>\n\t\t<\/figure>\n\t<\/div>\n<div class=\"vc_empty_space\"   style=\"height: 20px\"><span class=\"vc_empty_space_inner\"><\/span><\/div>\n<div class=\"vc_grid-container-wrapper vc_clearfix vc_grid-animation-zoomIn\">\n\t<div class=\"vc_grid-container vc_clearfix wpb_content_element vc_masonry_media_grid\" data-initial-loading-animation=\"zoomIn\" data-vc-grid-settings=\"{&quot;page_id&quot;:890,&quot;style&quot;:&quot;all-masonry&quot;,&quot;action&quot;:&quot;vc_get_vc_grid_data&quot;,&quot;shortcode_id&quot;:&quot;1451987238342-69709c4f-1599-10&quot;,&quot;tag&quot;:&quot;vc_masonry_media_grid&quot;}\" data-vc-request=\"https:\/\/www.sv-gutsmuths-jena.de\/badminton-jena\/wp-admin\/admin-ajax.php\" data-vc-post-id=\"890\" data-vc-public-nonce=\"b52c740cef\">\n\t\t\n\t<\/div>\n<\/div><div class=\"vc_empty_space\"   style=\"height: 20px\"><span class=\"vc_empty_space_inner\"><\/span><\/div><div id=\"1451987566599-7d614610-73a2\" class=\"vc_do_toggle vc_toggle vc_toggle_default vc_toggle_color_default  vc_toggle_size_md\"><div class=\"vc_toggle_title\"><h4>Ergebnisse<\/h4><i class=\"vc_toggle_icon\"><\/i><\/div><div class=\"vc_toggle_content\"><table>\n<tbody>\n<tr>\n<td width=\"92\">U15 ME<\/td>\n<td width=\"49\"><strong>1.<\/strong><\/td>\n<td width=\"308\">Dan Phuong Nguyen<\/td>\n<td width=\"288\">SV GutsMuths Jena<\/td>\n<\/tr>\n<tr>\n<td width=\"92\"><\/td>\n<td width=\"49\"><strong>2.<\/strong><\/td>\n<td width=\"308\">Tabea Tirschmann<\/td>\n<td width=\"288\">TSV Meiningen<\/td>\n<\/tr>\n<tr>\n<td width=\"92\"><\/td>\n<td width=\"49\"><strong>3.<\/strong><\/td>\n<td width=\"308\">Luisa Schubert<\/td>\n<td width=\"288\">1. Erfurter BV<\/td>\n<\/tr>\n<tr>\n<td width=\"92\"><\/td>\n<td width=\"49\">5.<\/td>\n<td width=\"308\">Lea K\u00e4mnitz<\/td>\n<td width=\"288\">SV GutsMuths Jena<\/td>\n<\/tr>\n<tr>\n<td width=\"92\">U15 MD<\/td>\n<td width=\"49\"><strong>1.<\/strong><\/td>\n<td width=\"308\">Dan Phuong Nguyen\/Tabea Tirschmann<\/td>\n<td width=\"288\">SV GutsMuths Jena\/TSV Meiningen<\/td>\n<\/tr>\n<tr>\n<td width=\"92\"><\/td>\n<td width=\"49\"><strong>2.<\/strong><\/td>\n<td width=\"308\">Luisa Schubert\/Lena Haase<\/td>\n<td width=\"288\">1. Erfurter BV\/SV BW Niederro\u00dfla<\/td>\n<\/tr>\n<tr>\n<td width=\"92\"><\/td>\n<td width=\"49\"><strong>3.<\/strong><\/td>\n<td width=\"308\">Lea K\u00e4mnitz\/Cecile Tomek<\/td>\n<td width=\"288\">SV GutsMuths Jena\/OTG 1902 Gera<\/td>\n<\/tr>\n<tr>\n<td width=\"92\">U15 JE<\/td>\n<td width=\"49\"><strong>1.<\/strong><\/td>\n<td width=\"308\">Florian Wohlgemuth<\/td>\n<td width=\"288\">VSG 70 Bad Frankenhausen<\/td>\n<\/tr>\n<tr>\n<td width=\"92\"><\/td>\n<td width=\"49\"><strong>2.<\/strong><\/td>\n<td width=\"308\">Tamino Niedling<\/td>\n<td width=\"288\">SV GutsMuths Jena<\/td>\n<\/tr>\n<tr>\n<td width=\"92\"><\/td>\n<td width=\"49\"><strong>3.<\/strong><\/td>\n<td width=\"308\">Jakob Pollok<\/td>\n<td width=\"288\">SV GutsMuths Jena<\/td>\n<\/tr>\n<tr>\n<td width=\"92\"><\/td>\n<td width=\"49\">4.<\/td>\n<td width=\"308\">Moritz Scheler<\/td>\n<td width=\"288\">SV GutsMuths Jena<\/td>\n<\/tr>\n<tr>\n<td width=\"92\">U15 JD<\/td>\n<td width=\"49\"><strong>1.<\/strong><\/td>\n<td width=\"308\">Leander Adam\/Florian Wohlgemuth<\/td>\n<td width=\"288\">SV GutsMuths Jena\/Bad Frankenhausen<\/td>\n<\/tr>\n<tr>\n<td width=\"92\"><\/td>\n<td width=\"49\"><strong>2.<\/strong><\/td>\n<td width=\"308\">Jakob Pollok\/Tamino Niedling<\/td>\n<td width=\"288\">SV GutsMuths Jena<\/td>\n<\/tr>\n<tr>\n<td width=\"92\"><\/td>\n<td width=\"49\"><strong>3.<\/strong><\/td>\n<td width=\"308\">Moritz Scheler\/Dirk Kn\u00f6rig<\/td>\n<td width=\"288\">SV GutsMuths Jena\/Einheit S\u00f6mmerda<\/td>\n<\/tr>\n<tr>\n<td width=\"92\">U19 ME<\/td>\n<td width=\"49\"><strong>1.<\/strong><\/td>\n<td width=\"308\">Charlotte Mund<\/td>\n<td width=\"288\">SV GutsMuths Jena<\/td>\n<\/tr>\n<tr>\n<td width=\"92\"><\/td>\n<td width=\"49\"><strong>2.<\/strong><\/td>\n<td width=\"308\">Sonja Schulz<\/td>\n<td width=\"288\">1. Erfurter BV<\/td>\n<\/tr>\n<tr>\n<td width=\"92\"><\/td>\n<td width=\"49\"><strong>3.<\/strong><\/td>\n<td width=\"308\">Fine O\u00dfwald<\/td>\n<td width=\"288\">SV GutsMuths Jena<\/td>\n<\/tr>\n<tr>\n<td width=\"92\"><\/td>\n<td width=\"49\">4.<\/td>\n<td width=\"308\">Marie-Christin Voigt<\/td>\n<td width=\"288\">SV GutsMuths Jena<\/td>\n<\/tr>\n<tr>\n<td width=\"92\">U19 JE<\/td>\n<td width=\"49\"><strong>1.<\/strong><\/td>\n<td width=\"308\">Lennart Notni<\/td>\n<td width=\"288\">SV GutsMuths Jena<\/td>\n<\/tr>\n<tr>\n<td width=\"92\"><\/td>\n<td width=\"49\"><strong>2.<\/strong><\/td>\n<td width=\"308\">Felix Hempel<\/td>\n<td width=\"288\">OTG 1902 Gera<\/td>\n<\/tr>\n<tr>\n<td width=\"92\"><\/td>\n<td width=\"49\"><strong>3.<\/strong><\/td>\n<td width=\"308\">Paul Forner<\/td>\n<td width=\"288\">OTG 1902 Gera<\/td>\n<\/tr>\n<tr>\n<td width=\"92\"><\/td>\n<td width=\"49\">5.<\/td>\n<td width=\"308\">Leander Adam<\/td>\n<td width=\"288\">SV GutsMuths Jena<\/td>\n<\/tr>\n<tr>\n<td width=\"92\">U19 Mix<\/td>\n<td width=\"49\"><strong>1.<\/strong><\/td>\n<td width=\"308\">Benjamin Witte\/Fine O\u00dfwald<\/td>\n<td width=\"288\">SG Feinmess Suhl\/SV GutsMuths Jena<\/td>\n<\/tr>\n<tr>\n<td width=\"92\"><\/td>\n<td width=\"49\"><strong>2.<\/strong><\/td>\n<td width=\"308\">Lennart Notni\/Charlotte Mund<\/td>\n<td width=\"288\">SV GutsMuths Jena<\/td>\n<\/tr>\n<tr>\n<td width=\"92\"><\/td>\n<td width=\"49\"><strong>3.<\/strong><\/td>\n<td width=\"308\">Paul Forner\/Marie-Christin Voigt<\/td>\n<td width=\"288\">OTG 1902 Gera\/SV GutsMuths Jena<\/td>\n<\/tr>\n<\/tbody>\n<\/table>\n<\/div><\/div><\/div><\/div><\/div><\/div>\n<\/div>","protected":false},"excerpt":{"rendered":"<p>20. Juni 20152. Th\u00fcringenrangliste Saison 2015\/2016 der AK U15\/U19 in S\u00f6mmerda Die letzte Rangliste vor der Sommerpause bot trotz guter Ergebnisse nur wenige spielerische H\u00f6hepunkte. Ausnahmen bildeten lediglich Dan Phuong, Tamino, Charlotte und Lennart in den Einzeln. F\u00fcr die Sportgymnasiasten beginnt in der kommenden Woche (26.06. \u2013 03.07.) die intensive Vorbereitung auf die neue Saison&hellip;<\/p>\n","protected":false},"author":1,"featured_media":0,"comment_status":"open","ping_status":"open","sticky":false,"template":"","format":"standard","meta":{"footnotes":""},"categories":[4,17],"tags":[],"class_list":{"0":"post-890","1":"post","2":"type-post","3":"status-publish","4":"format-standard","5":"hentry","6":"category-4","7":"category-juni","9":"category-17","10":"description-off"},"_links":{"self":[{"href":"https:\/\/www.sv-gutsmuths-jena.de\/badminton-jena\/wp-json\/wp\/v2\/posts\/890","targetHints":{"allow":["GET"]}}],"collection":[{"href":"https:\/\/www.sv-gutsmuths-jena.de\/badminton-jena\/wp-json\/wp\/v2\/posts"}],"about":[{"href":"https:\/\/www.sv-gutsmuths-jena.de\/badminton-jena\/wp-json\/wp\/v2\/types\/post"}],"author":[{"embeddable":true,"href":"https:\/\/www.sv-gutsmuths-jena.de\/badminton-jena\/wp-json\/wp\/v2\/users\/1"}],"replies":[{"embeddable":true,"href":"https:\/\/www.sv-gutsmuths-jena.de\/badminton-jena\/wp-json\/wp\/v2\/comments?post=890"}],"version-history":[{"count":0,"href":"https:\/\/www.sv-gutsmuths-jena.de\/badminton-jena\/wp-json\/wp\/v2\/posts\/890\/revisions"}],"wp:attachment":[{"href":"https:\/\/www.sv-gutsmuths-jena.de\/badminton-jena\/wp-json\/wp\/v2\/media?parent=890"}],"wp:term":[{"taxonomy":"category","embeddable":true,"href":"https:\/\/www.sv-gutsmuths-jena.de\/badminton-jena\/wp-json\/wp\/v2\/categories?post=890"},{"taxonomy":"post_tag","embeddable":true,"href":"https:\/\/www.sv-gutsmuths-jena.de\/badminton-jena\/wp-json\/wp\/v2\/tags?post=890"}],"curies":[{"name":"wp","href":"https:\/\/api.w.org\/{rel}","templated":true}]}}