{"id":1223,"date":"2019-02-04T09:53:41","date_gmt":"2019-02-04T08:53:41","guid":{"rendered":"https:\/\/www.sv-gutsmuths-jena.de\/bogenschiessen-jena\/?p=1223"},"modified":"2019-11-03T17:32:19","modified_gmt":"2019-11-03T16:32:19","slug":"4-wkt-1-bundesliga-nord","status":"publish","type":"post","link":"https:\/\/www.sv-gutsmuths-jena.de\/bogenschiessen-jena\/4-wkt-1-bundesliga-nord\/","title":{"rendered":"4. WKT &#8211; 1. Bundesliga Nord"},"content":{"rendered":"<div class=\"wpb-content-wrapper\"><div class=\"vc_row wpb_row vc_row-fluid\"><div class=\"wpb_column vc_column_container vc_col-sm-12\"><div class=\"vc_column-inner\"><div class=\"wpb_wrapper\"><div id=\"ts-vcsc-textillate-2782913\" class=\"ts-textillate   \" data-loop=\"false\" data-mobile=\"false\"data-delay=\"100\" data-in-effect=\"ts-composer-css-fadeIn\" data-in-sync=\"false\" data-in-shuffle=\"false\" data-in-reverse=\"false\"  style=\"color: #107acc !important; font-size: 20px; line-height: 20px; font-weight: inherit; text-align: left; margin-top: 0px; margin-bottom: 25px;\">Jenaer Bogensch\u00fctzen sichern sich den ersten Platz in der 1.Bundesliga Nord<\/div><\/div><\/div><\/div><\/div><div class=\"vc_row wpb_row vc_row-fluid\"><div class=\"wpb_column vc_column_container vc_col-sm-12\"><div class=\"vc_column-inner\"><div class=\"wpb_wrapper\">\n\t<div class=\"wpb_text_column wpb_content_element \" >\n\t\t<div class=\"wpb_wrapper\">\n\t\t\t<p style=\"text-align: justify;\">Am 02.02.2019 fand nun der letzte Wettkampftag der 1.Bundesliga Nord beim Blankenfelder BS 08 statt. Nachdem sich unsere Sch\u00fctzen bis zum dritten Wettkampftag zwei Punkte Vorsprung vor dem BSC BB-Berlin erarbeiten konnten und das Bundeliga-Finale quasi festgemacht werden konnte sollte nun auch der Sieg in der 1.Bundesliga Nord her. Gleich das erste Match gegen den Tabellen-Achten 1.UTK BSC Oberauroff war hochkar\u00e4tig und bis zum letzen Pfeil spannen.<\/p>\n<p style=\"text-align: justify;\">Am Ende setzte sich Jena knapp mit 6:4 durch. Das zweite Match verlief aus Jenaer Sicht ein wenig entspannter. Nach einen 0:2 R\u00fcckstand konnte Jena den Sherwood BSC Herne mit 6:2 bezwingen. Das dritte Match, diesmal gegen den BSV Zierenberg, war erneut sehr spannend und ging \u00fcber die volle Distanz von 5 S\u00e4tzen. Auch hier konnten die Sch\u00fctzlinge von G\u00fcnter Kuhr am Ende jubeln, knapp, aber mit 6:4 gewonnen.<br \/>\nDas letzte Match vor der Pause gegen den SV Querum blieb ebenfalls spannend bis zum Schlu\u00df. Nachdem Jena bereits 4:0 in F\u00fchrung lag konnte sich Querum erfolgreich gegen die drohende Niederlage wehren und ein 5:5 Unentschieden erreichen. Nach der Pause ging es erfolgreich gegen den Gastgeber, den Blankenfelder BS 08, weiter. Auch hier lagen die Jenaer zun\u00e4chst 0:2 zur\u00fcck und gewannen dann sicher mit 6:2. Im vorletzten Match des Tages gegen den SV Dauelsen mu\u00dfte sich Jena nach erneut 5 S\u00e4tzen knapp mit 4:6 geschlagen geben. Im Abschlu\u00dfmatch gegen die Verfolger vom BSC BB-Berlin war den Sch\u00fctzen aus Jena die Tabellenspitze aufgrund von 3 Punkten Vorsprung nicht mehr zu nehmen.<br \/>\nBerlin hatte ebenfalls gegen den SV Dauelsen und gegen den BSV Zierenberg verloren und somit 4 Punkte abgegeben. Erneut ging es \u00fcber die volle Distanz von 5 S\u00e4tzen, und am Ende trennten sich Berlin und Jena erneut mit einem 5:5 Unentschieden.<br \/>\nDer Aufsteiger Jena gewinnt die 1.Bundesliga Nord und erreicht damit einen kompletten Durchmarch von der Landesliga Th\u00fcringen \u00fcber die Regionalliga Ost, die 2.Bundesliga Nord und nun durch die 1.Bundesliga Nord. Das Finale am 23.Februar 2019 in Wiesbaden verspricht viel Spannung und hochkar\u00e4tigen Bogensport.<\/p>\n<p style=\"text-align: right;\"><em>Mario Voigt<\/em><\/p>\n\n\t\t<\/div>\n\t<\/div>\n<\/div><\/div><\/div><\/div><div class=\"vc_row wpb_row vc_row-fluid\"><div class=\"wpb_column vc_column_container vc_col-sm-12\"><div class=\"vc_column-inner\"><div class=\"wpb_wrapper\"><div class=\"cq-medium-gallery\" data-gallerywidth=\"\" data-background=\"\" data-layoutno=\"14342322341234232233\" data-lowreswidth=\"\" data-gutter=\"gutter\" style=\"margin:0 auto;\"><img decoding=\"async\" src=\"https:\/\/www.sv-gutsmuths-jena.de\/bogenschiessen-jena\/wp-content\/uploads\/sites\/5\/2019\/02\/4-WKT-23.jpg\" data-highres=\"https:\/\/www.sv-gutsmuths-jena.de\/bogenschiessen-jena\/wp-content\/uploads\/sites\/5\/2019\/02\/4-WKT-23.jpg\" class=\"mediumgallery-img \" title=\"\" alt=\"\" \/><img decoding=\"async\" src=\"https:\/\/www.sv-gutsmuths-jena.de\/bogenschiessen-jena\/wp-content\/uploads\/sites\/5\/2019\/02\/4-WKT-1.jpg\" data-highres=\"https:\/\/www.sv-gutsmuths-jena.de\/bogenschiessen-jena\/wp-content\/uploads\/sites\/5\/2019\/02\/4-WKT-1.jpg\" class=\"mediumgallery-img \" title=\"\" alt=\"\" \/><img decoding=\"async\" src=\"https:\/\/www.sv-gutsmuths-jena.de\/bogenschiessen-jena\/wp-content\/uploads\/sites\/5\/2019\/02\/4-WKT-2.jpg\" data-highres=\"https:\/\/www.sv-gutsmuths-jena.de\/bogenschiessen-jena\/wp-content\/uploads\/sites\/5\/2019\/02\/4-WKT-2.jpg\" class=\"mediumgallery-img \" title=\"\" alt=\"\" \/><img decoding=\"async\" src=\"https:\/\/www.sv-gutsmuths-jena.de\/bogenschiessen-jena\/wp-content\/uploads\/sites\/5\/2019\/02\/4-WKT-3.jpg\" data-highres=\"https:\/\/www.sv-gutsmuths-jena.de\/bogenschiessen-jena\/wp-content\/uploads\/sites\/5\/2019\/02\/4-WKT-3.jpg\" class=\"mediumgallery-img \" title=\"\" alt=\"\" \/><img decoding=\"async\" src=\"https:\/\/www.sv-gutsmuths-jena.de\/bogenschiessen-jena\/wp-content\/uploads\/sites\/5\/2019\/02\/4-WKT-4.jpg\" data-highres=\"https:\/\/www.sv-gutsmuths-jena.de\/bogenschiessen-jena\/wp-content\/uploads\/sites\/5\/2019\/02\/4-WKT-4.jpg\" class=\"mediumgallery-img \" title=\"\" alt=\"\" \/><img decoding=\"async\" src=\"https:\/\/www.sv-gutsmuths-jena.de\/bogenschiessen-jena\/wp-content\/uploads\/sites\/5\/2019\/02\/4-WKT-5.jpg\" data-highres=\"https:\/\/www.sv-gutsmuths-jena.de\/bogenschiessen-jena\/wp-content\/uploads\/sites\/5\/2019\/02\/4-WKT-5.jpg\" class=\"mediumgallery-img \" title=\"\" alt=\"\" \/><img decoding=\"async\" src=\"https:\/\/www.sv-gutsmuths-jena.de\/bogenschiessen-jena\/wp-content\/uploads\/sites\/5\/2019\/02\/4-WKT-6.jpg\" data-highres=\"https:\/\/www.sv-gutsmuths-jena.de\/bogenschiessen-jena\/wp-content\/uploads\/sites\/5\/2019\/02\/4-WKT-6.jpg\" class=\"mediumgallery-img \" title=\"\" alt=\"\" \/><img decoding=\"async\" src=\"https:\/\/www.sv-gutsmuths-jena.de\/bogenschiessen-jena\/wp-content\/uploads\/sites\/5\/2019\/02\/4-WKT-7.jpg\" data-highres=\"https:\/\/www.sv-gutsmuths-jena.de\/bogenschiessen-jena\/wp-content\/uploads\/sites\/5\/2019\/02\/4-WKT-7.jpg\" class=\"mediumgallery-img \" title=\"\" alt=\"\" \/><img decoding=\"async\" src=\"https:\/\/www.sv-gutsmuths-jena.de\/bogenschiessen-jena\/wp-content\/uploads\/sites\/5\/2019\/02\/4-WKT-8.jpg\" data-highres=\"https:\/\/www.sv-gutsmuths-jena.de\/bogenschiessen-jena\/wp-content\/uploads\/sites\/5\/2019\/02\/4-WKT-8.jpg\" class=\"mediumgallery-img \" title=\"\" alt=\"\" \/><img decoding=\"async\" src=\"https:\/\/www.sv-gutsmuths-jena.de\/bogenschiessen-jena\/wp-content\/uploads\/sites\/5\/2019\/02\/4-WKT-9.jpg\" data-highres=\"https:\/\/www.sv-gutsmuths-jena.de\/bogenschiessen-jena\/wp-content\/uploads\/sites\/5\/2019\/02\/4-WKT-9.jpg\" class=\"mediumgallery-img \" title=\"\" alt=\"\" \/><img decoding=\"async\" src=\"https:\/\/www.sv-gutsmuths-jena.de\/bogenschiessen-jena\/wp-content\/uploads\/sites\/5\/2019\/02\/4-WKT-10.jpg\" data-highres=\"https:\/\/www.sv-gutsmuths-jena.de\/bogenschiessen-jena\/wp-content\/uploads\/sites\/5\/2019\/02\/4-WKT-10.jpg\" class=\"mediumgallery-img \" title=\"\" alt=\"\" \/><img decoding=\"async\" src=\"https:\/\/www.sv-gutsmuths-jena.de\/bogenschiessen-jena\/wp-content\/uploads\/sites\/5\/2019\/02\/4-WKT-11.jpg\" data-highres=\"https:\/\/www.sv-gutsmuths-jena.de\/bogenschiessen-jena\/wp-content\/uploads\/sites\/5\/2019\/02\/4-WKT-11.jpg\" class=\"mediumgallery-img \" title=\"\" alt=\"\" \/><img decoding=\"async\" src=\"https:\/\/www.sv-gutsmuths-jena.de\/bogenschiessen-jena\/wp-content\/uploads\/sites\/5\/2019\/02\/4-WKT-12.jpg\" data-highres=\"https:\/\/www.sv-gutsmuths-jena.de\/bogenschiessen-jena\/wp-content\/uploads\/sites\/5\/2019\/02\/4-WKT-12.jpg\" class=\"mediumgallery-img \" title=\"\" alt=\"\" \/><img decoding=\"async\" src=\"https:\/\/www.sv-gutsmuths-jena.de\/bogenschiessen-jena\/wp-content\/uploads\/sites\/5\/2019\/02\/4-WKT-13.jpg\" data-highres=\"https:\/\/www.sv-gutsmuths-jena.de\/bogenschiessen-jena\/wp-content\/uploads\/sites\/5\/2019\/02\/4-WKT-13.jpg\" class=\"mediumgallery-img \" title=\"\" alt=\"\" \/><img decoding=\"async\" src=\"https:\/\/www.sv-gutsmuths-jena.de\/bogenschiessen-jena\/wp-content\/uploads\/sites\/5\/2019\/02\/4-WKT-14.jpg\" data-highres=\"https:\/\/www.sv-gutsmuths-jena.de\/bogenschiessen-jena\/wp-content\/uploads\/sites\/5\/2019\/02\/4-WKT-14.jpg\" class=\"mediumgallery-img \" title=\"\" alt=\"\" \/><img decoding=\"async\" src=\"https:\/\/www.sv-gutsmuths-jena.de\/bogenschiessen-jena\/wp-content\/uploads\/sites\/5\/2019\/02\/4-WKT-15.jpg\" data-highres=\"https:\/\/www.sv-gutsmuths-jena.de\/bogenschiessen-jena\/wp-content\/uploads\/sites\/5\/2019\/02\/4-WKT-15.jpg\" class=\"mediumgallery-img \" title=\"\" alt=\"\" \/><img decoding=\"async\" src=\"https:\/\/www.sv-gutsmuths-jena.de\/bogenschiessen-jena\/wp-content\/uploads\/sites\/5\/2019\/02\/4-WKT-16.jpg\" data-highres=\"https:\/\/www.sv-gutsmuths-jena.de\/bogenschiessen-jena\/wp-content\/uploads\/sites\/5\/2019\/02\/4-WKT-16.jpg\" class=\"mediumgallery-img \" title=\"\" alt=\"\" \/><img decoding=\"async\" src=\"https:\/\/www.sv-gutsmuths-jena.de\/bogenschiessen-jena\/wp-content\/uploads\/sites\/5\/2019\/02\/4-WKT-17.jpg\" data-highres=\"https:\/\/www.sv-gutsmuths-jena.de\/bogenschiessen-jena\/wp-content\/uploads\/sites\/5\/2019\/02\/4-WKT-17.jpg\" class=\"mediumgallery-img \" title=\"\" alt=\"\" \/><img decoding=\"async\" src=\"https:\/\/www.sv-gutsmuths-jena.de\/bogenschiessen-jena\/wp-content\/uploads\/sites\/5\/2019\/02\/4-WKT-18.jpg\" data-highres=\"https:\/\/www.sv-gutsmuths-jena.de\/bogenschiessen-jena\/wp-content\/uploads\/sites\/5\/2019\/02\/4-WKT-18.jpg\" class=\"mediumgallery-img \" title=\"\" alt=\"\" \/><img decoding=\"async\" src=\"https:\/\/www.sv-gutsmuths-jena.de\/bogenschiessen-jena\/wp-content\/uploads\/sites\/5\/2019\/02\/4-WKT-19.jpg\" data-highres=\"https:\/\/www.sv-gutsmuths-jena.de\/bogenschiessen-jena\/wp-content\/uploads\/sites\/5\/2019\/02\/4-WKT-19.jpg\" class=\"mediumgallery-img \" title=\"\" alt=\"\" \/><img decoding=\"async\" src=\"https:\/\/www.sv-gutsmuths-jena.de\/bogenschiessen-jena\/wp-content\/uploads\/sites\/5\/2019\/02\/4-WKT-20.jpg\" data-highres=\"https:\/\/www.sv-gutsmuths-jena.de\/bogenschiessen-jena\/wp-content\/uploads\/sites\/5\/2019\/02\/4-WKT-20.jpg\" class=\"mediumgallery-img \" title=\"\" alt=\"\" \/><img decoding=\"async\" src=\"https:\/\/www.sv-gutsmuths-jena.de\/bogenschiessen-jena\/wp-content\/uploads\/sites\/5\/2019\/02\/4-WKT-21.jpg\" data-highres=\"https:\/\/www.sv-gutsmuths-jena.de\/bogenschiessen-jena\/wp-content\/uploads\/sites\/5\/2019\/02\/4-WKT-21.jpg\" class=\"mediumgallery-img \" title=\"\" alt=\"\" \/><img decoding=\"async\" src=\"https:\/\/www.sv-gutsmuths-jena.de\/bogenschiessen-jena\/wp-content\/uploads\/sites\/5\/2019\/02\/4-WKT-22.jpg\" data-highres=\"https:\/\/www.sv-gutsmuths-jena.de\/bogenschiessen-jena\/wp-content\/uploads\/sites\/5\/2019\/02\/4-WKT-22.jpg\" class=\"mediumgallery-img \" title=\"\" alt=\"\" \/><img decoding=\"async\" src=\"https:\/\/www.sv-gutsmuths-jena.de\/bogenschiessen-jena\/wp-content\/uploads\/sites\/5\/2019\/02\/4-WKT-24.jpg\" data-highres=\"https:\/\/www.sv-gutsmuths-jena.de\/bogenschiessen-jena\/wp-content\/uploads\/sites\/5\/2019\/02\/4-WKT-24.jpg\" class=\"mediumgallery-img \" title=\"\" alt=\"\" \/><\/div><div class=\"vc_empty_space\"   style=\"height: 20px\"><span class=\"vc_empty_space_inner\"><\/span><\/div><\/div><\/div><\/div><\/div><div class=\"vc_row wpb_row vc_row-fluid\"><div class=\"wpb_column vc_column_container vc_col-sm-12\"><div class=\"vc_column-inner\"><div class=\"wpb_wrapper\"><span id=\"creative-link-wrap-3048\" class=\" ult_main_cl  \" >\n\t \t\t\t<span  class=\"ult_cl_link_10  ult_crlink\" id=\"\">\n\t\t\t\t\t<a  data-ultimate-target='#creative-link-wrap-3048 .ult_colorlink'  data-responsive-json-new='{\"font-size\":\"\",\"line-height\":\"\"}'  href=\"https:\/\/www.sv-gutsmuths-jena.de\/bogenschiessen-jena\/wp-content\/uploads\/sites\/5\/2019\/02\/Ergebnisse_1.BuLiNord.pdf\" target=\"_blank\" rel=\"noopener\"  class=\"ult_colorlink  ult-responsive \"  style=\"float:right;font-weight:normal; \"  data-textcolor=\"#c67905\" data-texthover=\"#ffffff\"data-style=\"Style_10\">\n\t\t\t\t\t\t<span   class=\"ult_btn10_span   vc_custom_1549270409804\" style=\"background:#f4f4f4;border-top:1px solid #1e73be;\" data-color=\"#1e73be\"  data-bhover=\"#c67905\" data-bstyle=\"solid\">\n\t\t\t\t\t\t\t<span class=\"ult_link_btm  ult_btn10_link_top\" style=\"background:#c67905;\">\n\t\t\t\t\t\t\t\t<span style=\"color:#c67905;;color:#ffffff\" class=\"style10-span\">Ergebnisse<\/span>\n\t\t\t\t\t\t\t<\/span>\n\t\t\t\t\t\t\t<span style=\"color:#c67905;;\">Ergebnisse<\/span>\n\t\t\t\t\t\t<\/span>\n\n\t\t\t\t\t<\/a>\n\t\t\t\t<\/span>\n\t\t\t<\/span><\/div><\/div><\/div><\/div>\n<\/div>","protected":false},"excerpt":{"rendered":"<p>Jenaer Bogensch\u00fctzen sichern sich den ersten Platz in der 1.Bundesliga Nord Am 02.02.2019 fand nun der letzte Wettkampftag der 1.Bundesliga Nord beim Blankenfelder BS 08 statt. Nachdem sich unsere Sch\u00fctzen bis zum dritten Wettkampftag zwei Punkte Vorsprung vor dem BSC BB-Berlin erarbeiten konnten und das Bundeliga-Finale quasi festgemacht werden konnte sollte nun auch der Sieg&hellip;<\/p>\n","protected":false},"author":1,"featured_media":0,"comment_status":"closed","ping_status":"open","sticky":false,"template":"","format":"standard","meta":{"footnotes":""},"categories":[13],"tags":[],"class_list":{"0":"post-1223","1":"post","2":"type-post","3":"status-publish","4":"format-standard","5":"hentry","6":"category-13","8":"description-off"},"_links":{"self":[{"href":"https:\/\/www.sv-gutsmuths-jena.de\/bogenschiessen-jena\/wp-json\/wp\/v2\/posts\/1223","targetHints":{"allow":["GET"]}}],"collection":[{"href":"https:\/\/www.sv-gutsmuths-jena.de\/bogenschiessen-jena\/wp-json\/wp\/v2\/posts"}],"about":[{"href":"https:\/\/www.sv-gutsmuths-jena.de\/bogenschiessen-jena\/wp-json\/wp\/v2\/types\/post"}],"author":[{"embeddable":true,"href":"https:\/\/www.sv-gutsmuths-jena.de\/bogenschiessen-jena\/wp-json\/wp\/v2\/users\/1"}],"replies":[{"embeddable":true,"href":"https:\/\/www.sv-gutsmuths-jena.de\/bogenschiessen-jena\/wp-json\/wp\/v2\/comments?post=1223"}],"version-history":[{"count":0,"href":"https:\/\/www.sv-gutsmuths-jena.de\/bogenschiessen-jena\/wp-json\/wp\/v2\/posts\/1223\/revisions"}],"wp:attachment":[{"href":"https:\/\/www.sv-gutsmuths-jena.de\/bogenschiessen-jena\/wp-json\/wp\/v2\/media?parent=1223"}],"wp:term":[{"taxonomy":"category","embeddable":true,"href":"https:\/\/www.sv-gutsmuths-jena.de\/bogenschiessen-jena\/wp-json\/wp\/v2\/categories?post=1223"},{"taxonomy":"post_tag","embeddable":true,"href":"https:\/\/www.sv-gutsmuths-jena.de\/bogenschiessen-jena\/wp-json\/wp\/v2\/tags?post=1223"}],"curies":[{"name":"wp","href":"https:\/\/api.w.org\/{rel}","templated":true}]}}