{"id":3193,"date":"2026-09-01T21:01:49","date_gmt":"2026-09-01T19:01:49","guid":{"rendered":"https:\/\/www.sv-gutsmuths-jena.de\/bogenschiessen-jena\/?p=3193"},"modified":"2026-09-02T11:22:27","modified_gmt":"2026-09-02T09:22:27","slug":"3-jenaer-900er-runde-2026","status":"publish","type":"post","link":"https:\/\/www.sv-gutsmuths-jena.de\/bogenschiessen-jena\/3-jenaer-900er-runde-2026\/","title":{"rendered":"3. Jenaer 900er-Runde 2026"},"content":{"rendered":"<div class=\"wpb-content-wrapper\"><div class=\"vc_row wpb_row vc_row-fluid\"><div class=\"wpb_column vc_column_container vc_col-sm-12\"><div class=\"vc_column-inner\"><div class=\"wpb_wrapper\">\n\t<div class=\"wpb_text_column wpb_content_element \" >\n\t\t<div class=\"wpb_wrapper\">\n\t\t\t<p style=\"text-align: justify;\">Am Samstag, den 29. August, war es wieder so weit: Unsere diesj\u00e4hrige 900er-Runde als Scheibennadelturnier stand wieder an. Ohne vorneweg zu viel zu verraten, wir haben uns ein paar \u00dcberraschungen einfallen lassen.<br \/>\nDas Wetter war uns wieder hold, nachdem im letzten Jahr uns ein ordentlicher Schauer \u00fcberraschte, gab es jetzt fast nur Sonne, zwischendurch schoben sich nur ein paar Wolken \u00fcber den sonst blauen Himmel \u00fcber Jena.<br \/>\nWieder konnten wir viele Bogensportler aus Bayern, Niedersachsen, Hessen, Sachsen, Sachsen-Anhalt und nat\u00fcrlich Th\u00fcringen begr\u00fc\u00dfen, und es war auch eine frischgebackene Deutsche Meisterin mit am Start: Pia vom SV BW Niederp\u00f6llnitz hatte eine Woche vorher bei der DM Sch\u00fcler in Suhl den Titel geholt.<br \/>\nDas Wettkampffeld war ordentlich vorbereitet, die Leitende Kampfrichterin Steffi hatte nichts zu beanstanden, und so konnten wir p\u00fcnktlich beginnen. Auch was alles andere drumherum betraf, war f\u00fcr unsere G\u00e4ste alles bestens organisiert. Das Einzige, was jedes Jahr so ist und wir leider nicht \u00e4ndern k\u00f6nnen, ist der nicht ganz so kurze Weg zu den Toiletten, die Wettkampfpausen sind aber entsprechend darauf orientiert.<\/p>\n<p style=\"text-align: justify;\">Ein kleines Ereignis betr\u00fcbte einen Bogensportler: er war leider mit einem nicht regelkonformen Bogen angereist (aus Unkenntnis), so konnte er zwar teilnehmen, kam aber leider nicht in die Wertung.<\/p>\n<p style=\"text-align: justify;\"><strong>Kleine Zwischenbemerkung dazu aus meinen Erfahrungen als Trainer und Kampfrichter:<\/strong><br \/>\nViele Bogensportler aller Altersklassen kennen die Regeln des Deutschen Sch\u00fctzenbundes und der World Archery nicht so richtig, und das liegt leider auch an ihren Trainern, welche sich teilweise auch nicht damit auseinandersetzen.<\/p>\n<p style=\"text-align: justify;\">Der Wettkampf selbst verlief wie geplant, jeder gab sein Bestes und wieder war es ein sch\u00f6nes Miteinander. Auch der j\u00fcngste Teilnehmer, Dean von der PSG Gera (Sch\u00fcler C), k\u00e4mpfte sich \u00fcber diese lange Wettkampfdistanz von insgesamt 90 Pfeilen, auch wenn es nicht immer so lief, wie er es sich vorgestellt hat. Unser Bommel war nach dem ersten Durchgang voll auf Scheibennadelkurs, als er verletzungsbedingt aufgeben musste. Keine Sorge, wir brauchten weder Rettungshubschrauber noch RTW, es geht ihm wieder gut.<br \/>\nObwohl: So ein kurzer Besuch von \u201eChristoph 70\u201c mit der Landung auf dem angrenzenden Fu\u00dfballfeld w\u00e4re schon ein Hingucker, aber nicht aufgrund einer Verletzung eines Sportlers.<br \/>\nDie Catering-Crew versorgte alle Anwesenden mit leckerem selbstgebackenem Kuchen, belegten Br\u00f6tchen und typischen Th\u00fcringer Rostern und Br\u00e4tl vom Grill. Die Feld-Crew r\u00e4umte das Feld w\u00e4hrend der Wettkampfpausen schnell und ordentlich um.<br \/>\nNach dem letzten Pfeil ging es dann an die endg\u00fcltige Auswertung, auch f\u00fcr die angek\u00fcndigten Sonderwertungen. Worum es dabei ging, haben wir im Vorfeld nicht verraten. Neben den Pokalen (gesponsert von der Volksbank Saaletal e.G.) f\u00fcr die Pl\u00e4tze 1 bis 3 und Urkunden f\u00fcr die Pl\u00e4tze 1 bis 6 haben wir uns noch folgendes ausgedacht:<\/p>\n<p style=\"text-align: justify;\"><strong>Wir belohnten die Sch\u00fctzen mit den meisten Xer\/10er, getrennt nach Bogenklasse und Erwachsene und Sch\u00fcler\/Jugend.<\/strong><\/p>\n<ul>\n<li style=\"text-align: justify;\">Erwachse Recurve: Lutz Eberhardt vom SV Erfurt West 90 e.V.<\/li>\n<li style=\"text-align: justify;\">Sch\u00fcler\/Jugend Recurve: Max Opelt von der PSG Gera seit 1660<\/li>\n<li style=\"text-align: justify;\">Erwachsene Blankbogen: Gerry Barthold von der ASC G\u00f6ttingen.<\/li>\n<li style=\"text-align: justify;\">Sch\u00fcler\/Jugend Blankbogen: Pia Panndorf vom SV BW Niederp\u00f6llnitz.<\/li>\n<\/ul>\n<p style=\"text-align: justify;\">F\u00fcr die Erwachsenen gab es ein kleines Sprudelgetr\u00e4nk von Rotk\u00e4ppchen (nicht das M\u00e4rchen) und f\u00fcr die Sch\u00fcler\/Jugend ein bisschen was zu Naschen aus mitteldeutscher Produktion und &#8211; wichtig f\u00fcr jeden Bogensch\u00fctzen &#8211; ein bisschen Schreibmaterial.<br \/>\nUm die Bogensportler mit den meisten Xer\/10er aus der Ergebnisliste herauszusuchen, mussten wir auch nochmal die Schie\u00dfzettel zu Rate ziehen, da nicht allen Sch\u00fctzen schon bekannt ist, dass die 10er und Xer jetzt einzeln ausgez\u00e4hlt werden, einige hatten noch alle 10er (inkl. X) gez\u00e4hlt.<\/p>\n<p style=\"text-align: justify;\">Aus der Brauerei Papierm\u00fchle kam Jenaer Bier f\u00fcr die Teilnehmer mit der weitesten Anreise: Uschi und Harry Hertwig vom SV Arolsen.<br \/>\nEs war wieder ein sch\u00f6nes faires Miteinander, egal von welchem Verein, welche Bogenklasse etc., und viele wollten sich schon f\u00fcr das n\u00e4chste Jahr anmelden.<\/p>\n<p>Aber erst einmal kommt noch unser Speed-Cup \u201eUnter den Kernbergen\u201c (eine schnelle 900er-Hallenrunde) Ende der Wintersaison.<\/p>\n<p>Vielen, vielen Dank an:<\/p>\n<ul>\n<li style=\"text-align: justify;\">unseren Sponsor, die Volksbank Saaletal e.G.<\/li>\n<li style=\"text-align: justify;\">DSB Kampfrichterin A Bogen Steffi<\/li>\n<li style=\"text-align: justify;\">unsere Catering-Crew<\/li>\n<li style=\"text-align: justify;\">unsere Feld-Crew<\/li>\n<li style=\"text-align: justify;\">unser Org.-Team<br \/>\nund auch an alle Teilnehmer, es hat uns sehr viel Spa\u00df mit Euch gemacht.<\/li>\n<\/ul>\n<p><em>Mike Bandlow<\/em><br \/>\n<em>Trainer SV GutsMuths Jena e.V.<\/em><\/p>\n\n\t\t<\/div>\n\t<\/div>\n<\/div><\/div><\/div><\/div><div class=\"vc_row wpb_row vc_row-fluid\"><div class=\"wpb_column vc_column_container vc_col-sm-12\"><div class=\"vc_column-inner\"><div class=\"wpb_wrapper\"><div id=\"ts-vcsc-image-gallery-2916321\" class=\"ts-image-gallery-wrapper ts-kraut-lightbox-frame   \" data-style=\"grid\" data-break-parents=\"6\" data-inline=\"false\" style=\"margin-top: 0px; margin-bottom: 0px; position: relative;\"><div id=\"ts-vcsc-image-gallery-2916321-grid\" class=\"ts-lightbox-gallery-grid\"><a style=\"width: 20%; height: 100%; display: inline-block; margin: 0; padding: 0;; display: none;\" id=\"krautgroup2916321-0\" href=\"https:\/\/www.sv-gutsmuths-jena.de\/bogenschiessen-jena\/wp-content\/uploads\/sites\/5\/2026\/09\/900er-Runde-Jena_01.jpg\" target=\"_blank\" data-preview=\"https:\/\/www.sv-gutsmuths-jena.de\/bogenschiessen-jena\/wp-content\/uploads\/sites\/5\/2026\/09\/900er-Runde-Jena_01-480x270.jpg\" data-thumbnail=\"https:\/\/www.sv-gutsmuths-jena.de\/bogenschiessen-jena\/wp-content\/uploads\/sites\/5\/2026\/09\/900er-Runde-Jena_01-480x270.jpg\" data-include=\"true\" data-hover=\"\" data-alt=\"\" data-title=\"\" data-groups=\"\" class=\"kraut-lightbox-media no-ajaxy ts-hover-image krautgroup2916321 nofancybox\" rel=\"krautgroup2916321\" data-effect=\"random\" data-nohashes=\"true\" data-usecors=\"global\" data-save=\"0\" data-share=\"0\" data-no-lazy=\"1\">#1<\/a><a style=\"width: 20%; height: 100%; display: inline-block; margin: 0; padding: 0;; display: none;\" id=\"krautgroup2916321-1\" href=\"https:\/\/www.sv-gutsmuths-jena.de\/bogenschiessen-jena\/wp-content\/uploads\/sites\/5\/2026\/09\/900er-Runde-Jena_02.jpg\" target=\"_blank\" data-preview=\"https:\/\/www.sv-gutsmuths-jena.de\/bogenschiessen-jena\/wp-content\/uploads\/sites\/5\/2026\/09\/900er-Runde-Jena_02-480x270.jpg\" data-thumbnail=\"https:\/\/www.sv-gutsmuths-jena.de\/bogenschiessen-jena\/wp-content\/uploads\/sites\/5\/2026\/09\/900er-Runde-Jena_02-480x270.jpg\" data-include=\"true\" data-hover=\"\" data-alt=\"\" data-title=\"\" data-groups=\"\" class=\"kraut-lightbox-media no-ajaxy ts-hover-image krautgroup2916321 nofancybox\" rel=\"krautgroup2916321\" data-effect=\"random\" data-nohashes=\"true\" data-usecors=\"global\" data-save=\"0\" data-share=\"0\" data-no-lazy=\"1\">#2<\/a><a style=\"width: 20%; height: 100%; display: inline-block; margin: 0; padding: 0;; display: none;\" id=\"krautgroup2916321-2\" href=\"https:\/\/www.sv-gutsmuths-jena.de\/bogenschiessen-jena\/wp-content\/uploads\/sites\/5\/2026\/09\/900er-Runde-Jena_03.jpg\" target=\"_blank\" data-preview=\"https:\/\/www.sv-gutsmuths-jena.de\/bogenschiessen-jena\/wp-content\/uploads\/sites\/5\/2026\/09\/900er-Runde-Jena_03-480x320.jpg\" data-thumbnail=\"https:\/\/www.sv-gutsmuths-jena.de\/bogenschiessen-jena\/wp-content\/uploads\/sites\/5\/2026\/09\/900er-Runde-Jena_03-480x320.jpg\" data-include=\"true\" data-hover=\"\" data-alt=\"\" data-title=\"\" data-groups=\"\" class=\"kraut-lightbox-media no-ajaxy ts-hover-image krautgroup2916321 nofancybox\" rel=\"krautgroup2916321\" data-effect=\"random\" data-nohashes=\"true\" data-usecors=\"global\" data-save=\"0\" data-share=\"0\" data-no-lazy=\"1\">#3<\/a><a style=\"width: 20%; height: 100%; display: inline-block; margin: 0; padding: 0;; display: none;\" id=\"krautgroup2916321-3\" href=\"https:\/\/www.sv-gutsmuths-jena.de\/bogenschiessen-jena\/wp-content\/uploads\/sites\/5\/2026\/09\/900er-Runde-Jena_04.jpg\" target=\"_blank\" data-preview=\"https:\/\/www.sv-gutsmuths-jena.de\/bogenschiessen-jena\/wp-content\/uploads\/sites\/5\/2026\/09\/900er-Runde-Jena_04-480x320.jpg\" data-thumbnail=\"https:\/\/www.sv-gutsmuths-jena.de\/bogenschiessen-jena\/wp-content\/uploads\/sites\/5\/2026\/09\/900er-Runde-Jena_04-480x320.jpg\" data-include=\"true\" data-hover=\"\" data-alt=\"\" data-title=\"\" data-groups=\"\" class=\"kraut-lightbox-media no-ajaxy ts-hover-image krautgroup2916321 nofancybox\" rel=\"krautgroup2916321\" data-effect=\"random\" data-nohashes=\"true\" data-usecors=\"global\" data-save=\"0\" data-share=\"0\" data-no-lazy=\"1\">#4<\/a><a style=\"width: 20%; height: 100%; display: inline-block; margin: 0; padding: 0;; display: none;\" id=\"krautgroup2916321-4\" href=\"https:\/\/www.sv-gutsmuths-jena.de\/bogenschiessen-jena\/wp-content\/uploads\/sites\/5\/2026\/09\/900er-Runde-Jena_05.jpg\" target=\"_blank\" data-preview=\"https:\/\/www.sv-gutsmuths-jena.de\/bogenschiessen-jena\/wp-content\/uploads\/sites\/5\/2026\/09\/900er-Runde-Jena_05-480x270.jpg\" data-thumbnail=\"https:\/\/www.sv-gutsmuths-jena.de\/bogenschiessen-jena\/wp-content\/uploads\/sites\/5\/2026\/09\/900er-Runde-Jena_05-480x270.jpg\" data-include=\"true\" data-hover=\"\" data-alt=\"\" data-title=\"\" data-groups=\"\" class=\"kraut-lightbox-media no-ajaxy ts-hover-image krautgroup2916321 nofancybox\" rel=\"krautgroup2916321\" data-effect=\"random\" data-nohashes=\"true\" data-usecors=\"global\" data-save=\"0\" data-share=\"0\" data-no-lazy=\"1\">#5<\/a><a style=\"width: 20%; height: 100%; display: inline-block; margin: 0; padding: 0;; display: none;\" id=\"krautgroup2916321-5\" href=\"https:\/\/www.sv-gutsmuths-jena.de\/bogenschiessen-jena\/wp-content\/uploads\/sites\/5\/2026\/09\/900er-Runde-Jena_06.jpg\" target=\"_blank\" data-preview=\"https:\/\/www.sv-gutsmuths-jena.de\/bogenschiessen-jena\/wp-content\/uploads\/sites\/5\/2026\/09\/900er-Runde-Jena_06-480x270.jpg\" data-thumbnail=\"https:\/\/www.sv-gutsmuths-jena.de\/bogenschiessen-jena\/wp-content\/uploads\/sites\/5\/2026\/09\/900er-Runde-Jena_06-480x270.jpg\" data-include=\"true\" data-hover=\"\" data-alt=\"\" data-title=\"\" data-groups=\"\" class=\"kraut-lightbox-media no-ajaxy ts-hover-image krautgroup2916321 nofancybox\" rel=\"krautgroup2916321\" data-effect=\"random\" data-nohashes=\"true\" data-usecors=\"global\" data-save=\"0\" data-share=\"0\" data-no-lazy=\"1\">#6<\/a><a style=\"width: 20%; height: 100%; display: inline-block; margin: 0; padding: 0;; display: none;\" id=\"krautgroup2916321-6\" href=\"https:\/\/www.sv-gutsmuths-jena.de\/bogenschiessen-jena\/wp-content\/uploads\/sites\/5\/2026\/09\/900er-Runde-Jena_07.jpg\" target=\"_blank\" data-preview=\"https:\/\/www.sv-gutsmuths-jena.de\/bogenschiessen-jena\/wp-content\/uploads\/sites\/5\/2026\/09\/900er-Runde-Jena_07-480x320.jpg\" data-thumbnail=\"https:\/\/www.sv-gutsmuths-jena.de\/bogenschiessen-jena\/wp-content\/uploads\/sites\/5\/2026\/09\/900er-Runde-Jena_07-480x320.jpg\" data-include=\"true\" data-hover=\"\" data-alt=\"\" data-title=\"\" data-groups=\"\" class=\"kraut-lightbox-media no-ajaxy ts-hover-image krautgroup2916321 nofancybox\" rel=\"krautgroup2916321\" data-effect=\"random\" data-nohashes=\"true\" data-usecors=\"global\" data-save=\"0\" data-share=\"0\" data-no-lazy=\"1\">#7<\/a><a style=\"width: 20%; height: 100%; display: inline-block; margin: 0; padding: 0;; display: none;\" id=\"krautgroup2916321-7\" href=\"https:\/\/www.sv-gutsmuths-jena.de\/bogenschiessen-jena\/wp-content\/uploads\/sites\/5\/2026\/09\/900er-Runde-Jena_08.jpg\" target=\"_blank\" data-preview=\"https:\/\/www.sv-gutsmuths-jena.de\/bogenschiessen-jena\/wp-content\/uploads\/sites\/5\/2026\/09\/900er-Runde-Jena_08-480x320.jpg\" data-thumbnail=\"https:\/\/www.sv-gutsmuths-jena.de\/bogenschiessen-jena\/wp-content\/uploads\/sites\/5\/2026\/09\/900er-Runde-Jena_08-480x320.jpg\" data-include=\"true\" data-hover=\"\" data-alt=\"\" data-title=\"\" data-groups=\"\" class=\"kraut-lightbox-media no-ajaxy ts-hover-image krautgroup2916321 nofancybox\" rel=\"krautgroup2916321\" data-effect=\"random\" data-nohashes=\"true\" data-usecors=\"global\" data-save=\"0\" data-share=\"0\" data-no-lazy=\"1\">#8<\/a><a style=\"width: 20%; height: 100%; display: inline-block; margin: 0; padding: 0;; display: none;\" id=\"krautgroup2916321-8\" href=\"https:\/\/www.sv-gutsmuths-jena.de\/bogenschiessen-jena\/wp-content\/uploads\/sites\/5\/2026\/09\/900er-Runde-Jena_09.jpg\" target=\"_blank\" data-preview=\"https:\/\/www.sv-gutsmuths-jena.de\/bogenschiessen-jena\/wp-content\/uploads\/sites\/5\/2026\/09\/900er-Runde-Jena_09-480x320.jpg\" data-thumbnail=\"https:\/\/www.sv-gutsmuths-jena.de\/bogenschiessen-jena\/wp-content\/uploads\/sites\/5\/2026\/09\/900er-Runde-Jena_09-480x320.jpg\" data-include=\"true\" data-hover=\"\" data-alt=\"\" data-title=\"\" data-groups=\"\" class=\"kraut-lightbox-media no-ajaxy ts-hover-image krautgroup2916321 nofancybox\" rel=\"krautgroup2916321\" data-effect=\"random\" data-nohashes=\"true\" data-usecors=\"global\" data-save=\"0\" data-share=\"0\" data-no-lazy=\"1\">#9<\/a><a style=\"width: 20%; height: 100%; display: inline-block; margin: 0; padding: 0;; display: none;\" id=\"krautgroup2916321-9\" href=\"https:\/\/www.sv-gutsmuths-jena.de\/bogenschiessen-jena\/wp-content\/uploads\/sites\/5\/2026\/09\/900er-Runde-Jena_10.jpg\" target=\"_blank\" data-preview=\"https:\/\/www.sv-gutsmuths-jena.de\/bogenschiessen-jena\/wp-content\/uploads\/sites\/5\/2026\/09\/900er-Runde-Jena_10-480x270.jpg\" data-thumbnail=\"https:\/\/www.sv-gutsmuths-jena.de\/bogenschiessen-jena\/wp-content\/uploads\/sites\/5\/2026\/09\/900er-Runde-Jena_10-480x270.jpg\" data-include=\"true\" data-hover=\"\" data-alt=\"\" data-title=\"\" data-groups=\"\" class=\"kraut-lightbox-media no-ajaxy ts-hover-image krautgroup2916321 nofancybox\" rel=\"krautgroup2916321\" data-effect=\"random\" data-nohashes=\"true\" data-usecors=\"global\" data-save=\"0\" data-share=\"0\" data-no-lazy=\"1\">#10<\/a><a style=\"width: 20%; height: 100%; display: inline-block; margin: 0; padding: 0;; display: none;\" id=\"krautgroup2916321-10\" href=\"https:\/\/www.sv-gutsmuths-jena.de\/bogenschiessen-jena\/wp-content\/uploads\/sites\/5\/2026\/09\/900er-Runde-Jena_11.jpg\" target=\"_blank\" data-preview=\"https:\/\/www.sv-gutsmuths-jena.de\/bogenschiessen-jena\/wp-content\/uploads\/sites\/5\/2026\/09\/900er-Runde-Jena_11-480x270.jpg\" data-thumbnail=\"https:\/\/www.sv-gutsmuths-jena.de\/bogenschiessen-jena\/wp-content\/uploads\/sites\/5\/2026\/09\/900er-Runde-Jena_11-480x270.jpg\" data-include=\"true\" data-hover=\"\" data-alt=\"\" data-title=\"\" data-groups=\"\" class=\"kraut-lightbox-media no-ajaxy ts-hover-image krautgroup2916321 nofancybox\" rel=\"krautgroup2916321\" data-effect=\"random\" data-nohashes=\"true\" data-usecors=\"global\" data-save=\"0\" data-share=\"0\" data-no-lazy=\"1\">#11<\/a><a style=\"width: 20%; height: 100%; display: inline-block; margin: 0; padding: 0;; display: none;\" id=\"krautgroup2916321-11\" href=\"https:\/\/www.sv-gutsmuths-jena.de\/bogenschiessen-jena\/wp-content\/uploads\/sites\/5\/2026\/09\/900er-Runde-Jena_12.jpg\" target=\"_blank\" data-preview=\"https:\/\/www.sv-gutsmuths-jena.de\/bogenschiessen-jena\/wp-content\/uploads\/sites\/5\/2026\/09\/900er-Runde-Jena_12-480x270.jpg\" data-thumbnail=\"https:\/\/www.sv-gutsmuths-jena.de\/bogenschiessen-jena\/wp-content\/uploads\/sites\/5\/2026\/09\/900er-Runde-Jena_12-480x270.jpg\" data-include=\"true\" data-hover=\"\" data-alt=\"\" data-title=\"\" data-groups=\"\" class=\"kraut-lightbox-media no-ajaxy ts-hover-image krautgroup2916321 nofancybox\" rel=\"krautgroup2916321\" data-effect=\"random\" data-nohashes=\"true\" data-usecors=\"global\" data-save=\"0\" data-share=\"0\" data-no-lazy=\"1\">#12<\/a><a style=\"width: 20%; height: 100%; display: inline-block; margin: 0; padding: 0;; display: none;\" id=\"krautgroup2916321-12\" href=\"https:\/\/www.sv-gutsmuths-jena.de\/bogenschiessen-jena\/wp-content\/uploads\/sites\/5\/2026\/09\/900er-Runde-Jena_13.jpg\" target=\"_blank\" data-preview=\"https:\/\/www.sv-gutsmuths-jena.de\/bogenschiessen-jena\/wp-content\/uploads\/sites\/5\/2026\/09\/900er-Runde-Jena_13-480x270.jpg\" data-thumbnail=\"https:\/\/www.sv-gutsmuths-jena.de\/bogenschiessen-jena\/wp-content\/uploads\/sites\/5\/2026\/09\/900er-Runde-Jena_13-480x270.jpg\" data-include=\"true\" data-hover=\"\" data-alt=\"\" data-title=\"\" data-groups=\"\" class=\"kraut-lightbox-media no-ajaxy ts-hover-image krautgroup2916321 nofancybox\" rel=\"krautgroup2916321\" data-effect=\"random\" data-nohashes=\"true\" data-usecors=\"global\" data-save=\"0\" data-share=\"0\" data-no-lazy=\"1\">#13<\/a><a style=\"width: 20%; height: 100%; display: inline-block; margin: 0; padding: 0;; display: none;\" id=\"krautgroup2916321-13\" href=\"https:\/\/www.sv-gutsmuths-jena.de\/bogenschiessen-jena\/wp-content\/uploads\/sites\/5\/2026\/09\/900er-Runde-Jena_14.jpg\" target=\"_blank\" data-preview=\"https:\/\/www.sv-gutsmuths-jena.de\/bogenschiessen-jena\/wp-content\/uploads\/sites\/5\/2026\/09\/900er-Runde-Jena_14-360x480.jpg\" data-thumbnail=\"https:\/\/www.sv-gutsmuths-jena.de\/bogenschiessen-jena\/wp-content\/uploads\/sites\/5\/2026\/09\/900er-Runde-Jena_14-360x480.jpg\" data-include=\"true\" data-hover=\"\" data-alt=\"\" data-title=\"\" data-groups=\"\" class=\"kraut-lightbox-media no-ajaxy ts-hover-image krautgroup2916321 nofancybox\" rel=\"krautgroup2916321\" data-effect=\"random\" data-nohashes=\"true\" data-usecors=\"global\" data-save=\"0\" data-share=\"0\" data-no-lazy=\"1\">#14<\/a><a style=\"width: 20%; height: 100%; display: inline-block; margin: 0; padding: 0;; display: none;\" id=\"krautgroup2916321-14\" href=\"https:\/\/www.sv-gutsmuths-jena.de\/bogenschiessen-jena\/wp-content\/uploads\/sites\/5\/2026\/09\/900er-Runde-Jena_15.jpg\" target=\"_blank\" data-preview=\"https:\/\/www.sv-gutsmuths-jena.de\/bogenschiessen-jena\/wp-content\/uploads\/sites\/5\/2026\/09\/900er-Runde-Jena_15-480x320.jpg\" data-thumbnail=\"https:\/\/www.sv-gutsmuths-jena.de\/bogenschiessen-jena\/wp-content\/uploads\/sites\/5\/2026\/09\/900er-Runde-Jena_15-480x320.jpg\" data-include=\"true\" data-hover=\"\" data-alt=\"\" data-title=\"\" data-groups=\"\" class=\"kraut-lightbox-media no-ajaxy ts-hover-image krautgroup2916321 nofancybox\" rel=\"krautgroup2916321\" data-effect=\"random\" data-nohashes=\"true\" data-usecors=\"global\" data-save=\"0\" data-share=\"0\" data-no-lazy=\"1\">#15<\/a><a style=\"width: 20%; height: 100%; display: inline-block; margin: 0; padding: 0;; display: none;\" id=\"krautgroup2916321-15\" href=\"https:\/\/www.sv-gutsmuths-jena.de\/bogenschiessen-jena\/wp-content\/uploads\/sites\/5\/2026\/09\/900er-Runde-Jena_16.jpg\" target=\"_blank\" data-preview=\"https:\/\/www.sv-gutsmuths-jena.de\/bogenschiessen-jena\/wp-content\/uploads\/sites\/5\/2026\/09\/900er-Runde-Jena_16-480x320.jpg\" data-thumbnail=\"https:\/\/www.sv-gutsmuths-jena.de\/bogenschiessen-jena\/wp-content\/uploads\/sites\/5\/2026\/09\/900er-Runde-Jena_16-480x320.jpg\" data-include=\"true\" data-hover=\"\" data-alt=\"\" data-title=\"\" data-groups=\"\" class=\"kraut-lightbox-media no-ajaxy ts-hover-image krautgroup2916321 nofancybox\" rel=\"krautgroup2916321\" data-effect=\"random\" data-nohashes=\"true\" data-usecors=\"global\" data-save=\"0\" data-share=\"0\" data-no-lazy=\"1\">#16<\/a><a style=\"width: 20%; height: 100%; display: inline-block; margin: 0; padding: 0;; display: none;\" id=\"krautgroup2916321-16\" href=\"https:\/\/www.sv-gutsmuths-jena.de\/bogenschiessen-jena\/wp-content\/uploads\/sites\/5\/2026\/09\/900er-Runde-Jena_17.jpg\" target=\"_blank\" data-preview=\"https:\/\/www.sv-gutsmuths-jena.de\/bogenschiessen-jena\/wp-content\/uploads\/sites\/5\/2026\/09\/900er-Runde-Jena_17-480x320.jpg\" data-thumbnail=\"https:\/\/www.sv-gutsmuths-jena.de\/bogenschiessen-jena\/wp-content\/uploads\/sites\/5\/2026\/09\/900er-Runde-Jena_17-480x320.jpg\" data-include=\"true\" data-hover=\"\" data-alt=\"\" data-title=\"\" data-groups=\"\" class=\"kraut-lightbox-media no-ajaxy ts-hover-image krautgroup2916321 nofancybox\" rel=\"krautgroup2916321\" data-effect=\"random\" data-nohashes=\"true\" data-usecors=\"global\" data-save=\"0\" data-share=\"0\" data-no-lazy=\"1\">#17<\/a><a style=\"width: 20%; height: 100%; display: inline-block; margin: 0; padding: 0;; display: none;\" id=\"krautgroup2916321-17\" href=\"https:\/\/www.sv-gutsmuths-jena.de\/bogenschiessen-jena\/wp-content\/uploads\/sites\/5\/2026\/09\/900er-Runde-Jena_18.jpg\" target=\"_blank\" data-preview=\"https:\/\/www.sv-gutsmuths-jena.de\/bogenschiessen-jena\/wp-content\/uploads\/sites\/5\/2026\/09\/900er-Runde-Jena_18-480x360.jpg\" data-thumbnail=\"https:\/\/www.sv-gutsmuths-jena.de\/bogenschiessen-jena\/wp-content\/uploads\/sites\/5\/2026\/09\/900er-Runde-Jena_18-480x360.jpg\" data-include=\"true\" data-hover=\"\" data-alt=\"\" data-title=\"\" data-groups=\"\" class=\"kraut-lightbox-media no-ajaxy ts-hover-image krautgroup2916321 nofancybox\" rel=\"krautgroup2916321\" data-effect=\"random\" data-nohashes=\"true\" data-usecors=\"global\" data-save=\"0\" data-share=\"0\" data-no-lazy=\"1\">#18<\/a><a style=\"width: 20%; height: 100%; display: inline-block; margin: 0; padding: 0;; display: none;\" id=\"krautgroup2916321-18\" href=\"https:\/\/www.sv-gutsmuths-jena.de\/bogenschiessen-jena\/wp-content\/uploads\/sites\/5\/2026\/09\/900er-Runde-Jena_19.jpg\" target=\"_blank\" data-preview=\"https:\/\/www.sv-gutsmuths-jena.de\/bogenschiessen-jena\/wp-content\/uploads\/sites\/5\/2026\/09\/900er-Runde-Jena_19-480x360.jpg\" data-thumbnail=\"https:\/\/www.sv-gutsmuths-jena.de\/bogenschiessen-jena\/wp-content\/uploads\/sites\/5\/2026\/09\/900er-Runde-Jena_19-480x360.jpg\" data-include=\"true\" data-hover=\"\" data-alt=\"\" data-title=\"\" data-groups=\"\" class=\"kraut-lightbox-media no-ajaxy ts-hover-image krautgroup2916321 nofancybox\" rel=\"krautgroup2916321\" data-effect=\"random\" data-nohashes=\"true\" data-usecors=\"global\" data-save=\"0\" data-share=\"0\" data-no-lazy=\"1\">#19<\/a><a style=\"width: 20%; height: 100%; display: inline-block; margin: 0; padding: 0;; display: none;\" id=\"krautgroup2916321-19\" href=\"https:\/\/www.sv-gutsmuths-jena.de\/bogenschiessen-jena\/wp-content\/uploads\/sites\/5\/2026\/09\/900er-Runde-Jena_20.jpg\" target=\"_blank\" data-preview=\"https:\/\/www.sv-gutsmuths-jena.de\/bogenschiessen-jena\/wp-content\/uploads\/sites\/5\/2026\/09\/900er-Runde-Jena_20-480x360.jpg\" data-thumbnail=\"https:\/\/www.sv-gutsmuths-jena.de\/bogenschiessen-jena\/wp-content\/uploads\/sites\/5\/2026\/09\/900er-Runde-Jena_20-480x360.jpg\" data-include=\"true\" data-hover=\"\" data-alt=\"\" data-title=\"\" data-groups=\"\" class=\"kraut-lightbox-media no-ajaxy ts-hover-image krautgroup2916321 nofancybox\" rel=\"krautgroup2916321\" data-effect=\"random\" data-nohashes=\"true\" data-usecors=\"global\" data-save=\"0\" data-share=\"0\" data-no-lazy=\"1\">#20<\/a><a style=\"width: 20%; height: 100%; display: inline-block; margin: 0; padding: 0;; display: none;\" id=\"krautgroup2916321-20\" href=\"https:\/\/www.sv-gutsmuths-jena.de\/bogenschiessen-jena\/wp-content\/uploads\/sites\/5\/2026\/09\/900er-Runde-Jena_21.jpg\" target=\"_blank\" data-preview=\"https:\/\/www.sv-gutsmuths-jena.de\/bogenschiessen-jena\/wp-content\/uploads\/sites\/5\/2026\/09\/900er-Runde-Jena_21-480x270.jpg\" data-thumbnail=\"https:\/\/www.sv-gutsmuths-jena.de\/bogenschiessen-jena\/wp-content\/uploads\/sites\/5\/2026\/09\/900er-Runde-Jena_21-480x270.jpg\" data-include=\"true\" data-hover=\"\" data-alt=\"\" data-title=\"\" data-groups=\"\" class=\"kraut-lightbox-media no-ajaxy ts-hover-image krautgroup2916321 nofancybox\" rel=\"krautgroup2916321\" data-effect=\"random\" data-nohashes=\"true\" data-usecors=\"global\" data-save=\"0\" data-share=\"0\" data-no-lazy=\"1\">#21<\/a><a style=\"width: 20%; height: 100%; display: inline-block; margin: 0; padding: 0;; display: none;\" id=\"krautgroup2916321-21\" href=\"https:\/\/www.sv-gutsmuths-jena.de\/bogenschiessen-jena\/wp-content\/uploads\/sites\/5\/2026\/09\/900er-Runde-Jena_22.jpg\" target=\"_blank\" data-preview=\"https:\/\/www.sv-gutsmuths-jena.de\/bogenschiessen-jena\/wp-content\/uploads\/sites\/5\/2026\/09\/900er-Runde-Jena_22-480x360.jpg\" data-thumbnail=\"https:\/\/www.sv-gutsmuths-jena.de\/bogenschiessen-jena\/wp-content\/uploads\/sites\/5\/2026\/09\/900er-Runde-Jena_22-480x360.jpg\" data-include=\"true\" data-hover=\"\" data-alt=\"\" data-title=\"\" data-groups=\"\" class=\"kraut-lightbox-media no-ajaxy ts-hover-image krautgroup2916321 nofancybox\" rel=\"krautgroup2916321\" data-effect=\"random\" data-nohashes=\"true\" data-usecors=\"global\" data-save=\"0\" data-share=\"0\" data-no-lazy=\"1\">#22<\/a><a style=\"width: 20%; height: 100%; display: inline-block; margin: 0; padding: 0;; display: none;\" id=\"krautgroup2916321-22\" href=\"https:\/\/www.sv-gutsmuths-jena.de\/bogenschiessen-jena\/wp-content\/uploads\/sites\/5\/2026\/09\/900er-Runde-Jena_23.jpg\" target=\"_blank\" data-preview=\"https:\/\/www.sv-gutsmuths-jena.de\/bogenschiessen-jena\/wp-content\/uploads\/sites\/5\/2026\/09\/900er-Runde-Jena_23-480x480.jpg\" data-thumbnail=\"https:\/\/www.sv-gutsmuths-jena.de\/bogenschiessen-jena\/wp-content\/uploads\/sites\/5\/2026\/09\/900er-Runde-Jena_23-480x480.jpg\" data-include=\"true\" data-hover=\"\" data-alt=\"\" data-title=\"\" data-groups=\"\" class=\"kraut-lightbox-media no-ajaxy ts-hover-image krautgroup2916321 nofancybox\" rel=\"krautgroup2916321\" data-effect=\"random\" data-nohashes=\"true\" data-usecors=\"global\" data-save=\"0\" data-share=\"0\" data-no-lazy=\"1\">#23<\/a><a style=\"width: 20%; height: 100%; display: inline-block; margin: 0; padding: 0;; display: none;\" id=\"krautgroup2916321-23\" href=\"https:\/\/www.sv-gutsmuths-jena.de\/bogenschiessen-jena\/wp-content\/uploads\/sites\/5\/2026\/09\/900er-Runde-Jena_24.jpg\" target=\"_blank\" data-preview=\"https:\/\/www.sv-gutsmuths-jena.de\/bogenschiessen-jena\/wp-content\/uploads\/sites\/5\/2026\/09\/900er-Runde-Jena_24-480x480.jpg\" data-thumbnail=\"https:\/\/www.sv-gutsmuths-jena.de\/bogenschiessen-jena\/wp-content\/uploads\/sites\/5\/2026\/09\/900er-Runde-Jena_24-480x480.jpg\" data-include=\"true\" data-hover=\"\" data-alt=\"\" data-title=\"\" data-groups=\"\" class=\"kraut-lightbox-media no-ajaxy ts-hover-image krautgroup2916321 nofancybox\" rel=\"krautgroup2916321\" data-effect=\"random\" data-nohashes=\"true\" data-usecors=\"global\" data-save=\"0\" data-share=\"0\" data-no-lazy=\"1\">#24<\/a><a style=\"width: 20%; height: 100%; display: inline-block; margin: 0; padding: 0;; display: none;\" id=\"krautgroup2916321-24\" href=\"https:\/\/www.sv-gutsmuths-jena.de\/bogenschiessen-jena\/wp-content\/uploads\/sites\/5\/2026\/09\/900er-Runde-Jena_25.jpg\" target=\"_blank\" data-preview=\"https:\/\/www.sv-gutsmuths-jena.de\/bogenschiessen-jena\/wp-content\/uploads\/sites\/5\/2026\/09\/900er-Runde-Jena_25-480x480.jpg\" data-thumbnail=\"https:\/\/www.sv-gutsmuths-jena.de\/bogenschiessen-jena\/wp-content\/uploads\/sites\/5\/2026\/09\/900er-Runde-Jena_25-480x480.jpg\" data-include=\"true\" data-hover=\"\" data-alt=\"\" data-title=\"\" data-groups=\"\" class=\"kraut-lightbox-media no-ajaxy ts-hover-image krautgroup2916321 nofancybox\" rel=\"krautgroup2916321\" data-effect=\"random\" data-nohashes=\"true\" data-usecors=\"global\" data-save=\"0\" data-share=\"0\" data-no-lazy=\"1\">#25<\/a><a style=\"width: 20%; height: 100%; display: inline-block; margin: 0; padding: 0;; display: none;\" id=\"krautgroup2916321-25\" href=\"https:\/\/www.sv-gutsmuths-jena.de\/bogenschiessen-jena\/wp-content\/uploads\/sites\/5\/2026\/09\/900er-Runde-Jena_26.jpg\" target=\"_blank\" data-preview=\"https:\/\/www.sv-gutsmuths-jena.de\/bogenschiessen-jena\/wp-content\/uploads\/sites\/5\/2026\/09\/900er-Runde-Jena_26-480x480.jpg\" data-thumbnail=\"https:\/\/www.sv-gutsmuths-jena.de\/bogenschiessen-jena\/wp-content\/uploads\/sites\/5\/2026\/09\/900er-Runde-Jena_26-480x480.jpg\" data-include=\"true\" data-hover=\"\" data-alt=\"\" data-title=\"\" data-groups=\"\" class=\"kraut-lightbox-media no-ajaxy ts-hover-image krautgroup2916321 nofancybox\" rel=\"krautgroup2916321\" data-effect=\"random\" data-nohashes=\"true\" data-usecors=\"global\" data-save=\"0\" data-share=\"0\" data-no-lazy=\"1\">#26<\/a><a style=\"width: 20%; height: 100%; display: inline-block; margin: 0; padding: 0;; display: none;\" id=\"krautgroup2916321-26\" href=\"https:\/\/www.sv-gutsmuths-jena.de\/bogenschiessen-jena\/wp-content\/uploads\/sites\/5\/2026\/09\/900er-Runde-Jena_28.jpg\" target=\"_blank\" data-preview=\"https:\/\/www.sv-gutsmuths-jena.de\/bogenschiessen-jena\/wp-content\/uploads\/sites\/5\/2026\/09\/900er-Runde-Jena_28-360x480.jpg\" data-thumbnail=\"https:\/\/www.sv-gutsmuths-jena.de\/bogenschiessen-jena\/wp-content\/uploads\/sites\/5\/2026\/09\/900er-Runde-Jena_28-360x480.jpg\" data-include=\"true\" data-hover=\"\" data-alt=\"\" data-title=\"\" data-groups=\"\" class=\"kraut-lightbox-media no-ajaxy ts-hover-image krautgroup2916321 nofancybox\" rel=\"krautgroup2916321\" data-effect=\"random\" data-nohashes=\"true\" data-usecors=\"global\" data-save=\"0\" data-share=\"0\" data-no-lazy=\"1\">#27<\/a><a style=\"width: 20%; height: 100%; display: inline-block; margin: 0; padding: 0;; display: none;\" id=\"krautgroup2916321-27\" href=\"https:\/\/www.sv-gutsmuths-jena.de\/bogenschiessen-jena\/wp-content\/uploads\/sites\/5\/2026\/09\/900er-Runde-Jena_29.jpg\" target=\"_blank\" data-preview=\"https:\/\/www.sv-gutsmuths-jena.de\/bogenschiessen-jena\/wp-content\/uploads\/sites\/5\/2026\/09\/900er-Runde-Jena_29-480x480.jpg\" data-thumbnail=\"https:\/\/www.sv-gutsmuths-jena.de\/bogenschiessen-jena\/wp-content\/uploads\/sites\/5\/2026\/09\/900er-Runde-Jena_29-480x480.jpg\" data-include=\"true\" data-hover=\"\" data-alt=\"\" data-title=\"\" data-groups=\"\" class=\"kraut-lightbox-media no-ajaxy ts-hover-image krautgroup2916321 nofancybox\" rel=\"krautgroup2916321\" data-effect=\"random\" data-nohashes=\"true\" data-usecors=\"global\" data-save=\"0\" data-share=\"0\" data-no-lazy=\"1\">#28<\/a><a style=\"width: 20%; height: 100%; display: inline-block; margin: 0; padding: 0;; display: none;\" id=\"krautgroup2916321-28\" href=\"https:\/\/www.sv-gutsmuths-jena.de\/bogenschiessen-jena\/wp-content\/uploads\/sites\/5\/2026\/09\/900er-Runde-Jena_30.jpg\" target=\"_blank\" data-preview=\"https:\/\/www.sv-gutsmuths-jena.de\/bogenschiessen-jena\/wp-content\/uploads\/sites\/5\/2026\/09\/900er-Runde-Jena_30-480x480.jpg\" data-thumbnail=\"https:\/\/www.sv-gutsmuths-jena.de\/bogenschiessen-jena\/wp-content\/uploads\/sites\/5\/2026\/09\/900er-Runde-Jena_30-480x480.jpg\" data-include=\"true\" data-hover=\"\" data-alt=\"\" data-title=\"\" data-groups=\"\" class=\"kraut-lightbox-media no-ajaxy ts-hover-image krautgroup2916321 nofancybox\" rel=\"krautgroup2916321\" data-effect=\"random\" data-nohashes=\"true\" data-usecors=\"global\" data-save=\"0\" data-share=\"0\" data-no-lazy=\"1\">#29<\/a><a style=\"width: 20%; height: 100%; display: inline-block; margin: 0; padding: 0;; display: none;\" id=\"krautgroup2916321-29\" href=\"https:\/\/www.sv-gutsmuths-jena.de\/bogenschiessen-jena\/wp-content\/uploads\/sites\/5\/2026\/09\/900er-Runde-Jena_31.jpg\" target=\"_blank\" data-preview=\"https:\/\/www.sv-gutsmuths-jena.de\/bogenschiessen-jena\/wp-content\/uploads\/sites\/5\/2026\/09\/900er-Runde-Jena_31-480x320.jpg\" data-thumbnail=\"https:\/\/www.sv-gutsmuths-jena.de\/bogenschiessen-jena\/wp-content\/uploads\/sites\/5\/2026\/09\/900er-Runde-Jena_31-480x320.jpg\" data-include=\"true\" data-hover=\"\" data-alt=\"\" data-title=\"\" data-groups=\"\" class=\"kraut-lightbox-media no-ajaxy ts-hover-image krautgroup2916321 nofancybox\" rel=\"krautgroup2916321\" data-effect=\"random\" data-nohashes=\"true\" data-usecors=\"global\" data-save=\"0\" data-share=\"0\" data-no-lazy=\"1\">#30<\/a><a style=\"width: 20%; height: 100%; display: inline-block; margin: 0; padding: 0;; display: none;\" id=\"krautgroup2916321-30\" href=\"https:\/\/www.sv-gutsmuths-jena.de\/bogenschiessen-jena\/wp-content\/uploads\/sites\/5\/2026\/09\/900er-Runde-Jena_32.jpg\" target=\"_blank\" data-preview=\"https:\/\/www.sv-gutsmuths-jena.de\/bogenschiessen-jena\/wp-content\/uploads\/sites\/5\/2026\/09\/900er-Runde-Jena_32-360x480.jpg\" data-thumbnail=\"https:\/\/www.sv-gutsmuths-jena.de\/bogenschiessen-jena\/wp-content\/uploads\/sites\/5\/2026\/09\/900er-Runde-Jena_32-360x480.jpg\" data-random=\"2916321\" data-include=\"true\" data-hover=\"\" data-alt=\"\" data-title=\"\" data-groups=\"\" class=\"kraut-lightbox-media no-ajaxy ts-hover-image krautgroup2916321 nofancybox\" rel=\"krautgroup2916321\" data-effect=\"random\" data-usecors=\"global\" data-save=\"0\" data-share=\"0\" data-play=\"1\" data-autoplay=\"0\" data-duration=\"5000\" data-thumbsize=\"100\" data-thumbs=\"bottom\"  data-nohashes=\"true\" data-captions=\"true\" data-grid=\"240,480,720,960\" data-gridpreloader=\"false\" data-gridspace=\"2\" data-gridorder=\"false\" data-gridfilter=\"true\" data-gridavailable=\"Available Groups\" data-gridselected=\"Filtered Groups\" data-gridnogroups=\"No Groups\" data-gridtoggle=\"Toggle Filter\" data-gridtogglestyle=\"ts-color-button-belize-hole-flat\" data-gridshowall=\"Show All\" data-gridshowallstyle=\"ts-color-button-green-sea-flat\" data-no-lazy=\"1\">#31<\/a><\/div><\/div><\/div><\/div><\/div><\/div><div class=\"vc_row wpb_row vc_row-fluid\"><div class=\"wpb_column vc_column_container vc_col-sm-12\"><div class=\"vc_column-inner\"><div class=\"wpb_wrapper\"><div class=\"vc_empty_space\"   style=\"height: 32px\"><span class=\"vc_empty_space_inner\"><\/span><\/div><span id=\"creative-link-wrap-6848\" class=\" ult_main_cl  \" >\n\t \t\t\t<span  class=\"ult_cl_link_10  ult_crlink\" id=\"\">\n\t\t\t\t\t<a  data-ultimate-target='#creative-link-wrap-6848 .ult_colorlink'  data-responsive-json-new='{\"font-size\":\"\",\"line-height\":\"\"}'  href=\"https:\/\/www.sv-gutsmuths-jena.de\/bogenschiessen-jena\/wp-content\/uploads\/sites\/5\/2026\/09\/Endstand_EinzelAlles.pdf\" title=\"Erggebnisse\" target=\"_blank\" rel=\"noopener\"  class=\"ult_colorlink  ult-responsive \"  style=\"float:right;font-weight:normal; \"  data-textcolor=\"#FFFFFF\" data-texthover=\"#DD9933\"data-style=\"Style_10\">\n\t\t\t\t\t\t<span   class=\"ult_btn10_span   vc_custom_1788289782570\" style=\"background:#DD9933;border-top:4px solid #333333;\" data-color=\"#333333\"  data-bhover=\"#FFFFFF\" data-bstyle=\"solid\">\n\t\t\t\t\t\t\t<span class=\"ult_link_btm  ult_btn10_link_top\" style=\"background:#FFFFFF;\">\n\t\t\t\t\t\t\t\t<span style=\"color:#FFFFFF;;color:#DD9933\" class=\"style10-span\">Endstand<\/span>\n\t\t\t\t\t\t\t<\/span>\n\t\t\t\t\t\t\t<span style=\"color:#FFFFFF;;\">Endstand<\/span>\n\t\t\t\t\t\t<\/span>\n\n\t\t\t\t\t<\/a>\n\t\t\t\t<\/span>\n\t\t\t<\/span><\/div><\/div><\/div><\/div>\n<\/div>","protected":false},"excerpt":{"rendered":"<p>Am Samstag, den 29. August, war es wieder so weit: Unsere diesj\u00e4hrige 900er-Runde als Scheibennadelturnier stand wieder an. Ohne vorneweg zu viel zu verraten, wir haben uns ein paar \u00dcberraschungen einfallen lassen. Das Wetter war uns wieder hold, nachdem im letzten Jahr uns ein ordentlicher Schauer \u00fcberraschte, gab es jetzt fast nur Sonne, zwischendurch schoben&hellip;<\/p>\n","protected":false},"author":1,"featured_media":0,"comment_status":"open","ping_status":"open","sticky":false,"template":"","format":"standard","meta":{"footnotes":""},"categories":[20],"tags":[],"class_list":{"0":"post-3193","1":"post","2":"type-post","3":"status-publish","4":"format-standard","5":"hentry","6":"category-20","8":"description-off"},"_links":{"self":[{"href":"https:\/\/www.sv-gutsmuths-jena.de\/bogenschiessen-jena\/wp-json\/wp\/v2\/posts\/3193","targetHints":{"allow":["GET"]}}],"collection":[{"href":"https:\/\/www.sv-gutsmuths-jena.de\/bogenschiessen-jena\/wp-json\/wp\/v2\/posts"}],"about":[{"href":"https:\/\/www.sv-gutsmuths-jena.de\/bogenschiessen-jena\/wp-json\/wp\/v2\/types\/post"}],"author":[{"embeddable":true,"href":"https:\/\/www.sv-gutsmuths-jena.de\/bogenschiessen-jena\/wp-json\/wp\/v2\/users\/1"}],"replies":[{"embeddable":true,"href":"https:\/\/www.sv-gutsmuths-jena.de\/bogenschiessen-jena\/wp-json\/wp\/v2\/comments?post=3193"}],"version-history":[{"count":6,"href":"https:\/\/www.sv-gutsmuths-jena.de\/bogenschiessen-jena\/wp-json\/wp\/v2\/posts\/3193\/revisions"}],"predecessor-version":[{"id":3232,"href":"https:\/\/www.sv-gutsmuths-jena.de\/bogenschiessen-jena\/wp-json\/wp\/v2\/posts\/3193\/revisions\/3232"}],"wp:attachment":[{"href":"https:\/\/www.sv-gutsmuths-jena.de\/bogenschiessen-jena\/wp-json\/wp\/v2\/media?parent=3193"}],"wp:term":[{"taxonomy":"category","embeddable":true,"href":"https:\/\/www.sv-gutsmuths-jena.de\/bogenschiessen-jena\/wp-json\/wp\/v2\/categories?post=3193"},{"taxonomy":"post_tag","embeddable":true,"href":"https:\/\/www.sv-gutsmuths-jena.de\/bogenschiessen-jena\/wp-json\/wp\/v2\/tags?post=3193"}],"curies":[{"name":"wp","href":"https:\/\/api.w.org\/{rel}","templated":true}]}}